{"id":533576,"date":"2025-11-14T11:54:16","date_gmt":"2025-11-14T11:54:16","guid":{"rendered":"https:\/\/www.europesays.com\/fr\/533576\/"},"modified":"2025-11-14T11:54:16","modified_gmt":"2025-11-14T11:54:16","slug":"adolf-hitler-pourrait-avoir-eu-un-micropenis-revele-une-etude-genetique-britannique","status":"publish","type":"post","link":"https:\/\/www.europesays.com\/fr\/533576\/","title":{"rendered":"Adolf Hitler pourrait avoir eu un microp\u00e9nis, r\u00e9v\u00e8le une \u00e9tude g\u00e9n\u00e9tique britannique"},"content":{"rendered":"<p>\n    Les chercheurs ont cependant tenu \u00e0 relever que ces troubles ne pouvaient expliquer les politiques d\u2019Hitler, qui ont provoqu\u00e9 la mort de dizaines de millions de personnes, dont le g\u00e9nocide de six millions de juifs.<\/p>\n<p class=\"fig-paragraph\">Aussi \u00e9trange que cela puisse para\u00eetre, la vie priv\u00e9e\u00a0<a href=\"http:\/\/www.lefigaro.fr\/histoire\/livres\/les-revelations-de-michel-guenaire-sur-la-visite-d-adolf-hitler-a-paris-en-1940-20250613\" target=\"_blank\" data-fig-type=\"Article\" rel=\"noopener\" data-gtm-custom-categorie=\"navigation\" data-gtm-custom-action=\"crossclick\" data-gtm-custom-label=\"Contextuel\" data-gtm-event=\"customEventSPE\" data-fig-domain=\"LEFIGARO\">d\u2019Adolf Hitler<\/a>\u00a0suscite toujours des interrogations. Des scientifiques ont m\u00eame d\u00e9couvert qu\u2019il pourrait avoir eu\u2026 un microp\u00e9nis (moins de huit centim\u00e8tres, NDLR). Ces r\u00e9sultats, publi\u00e9s par l\u2019Universit\u00e9 de Bath (ouest de l\u2019Angleterre), ont \u00e9t\u00e9 permis gr\u00e2ce \u00e0 l\u2019analyse d\u2019un \u00e9chantillon de tissu portant l\u2019ADN du dictateur allemand, pr\u00e9lev\u00e9 sur le canap\u00e9\u00a0<a href=\"http:\/\/www.lefigaro.fr\/histoire\/30-avril-1945-adolf-hitler-se-suicide-et-echappe-a-la-justice-des-hommes-20250330\" target=\"_blank\" data-fig-type=\"Article\" rel=\"noopener\" data-gtm-custom-categorie=\"navigation\" data-gtm-custom-action=\"crossclick\" data-gtm-custom-label=\"Contextuel\" data-gtm-event=\"customEventSPE\" data-fig-domain=\"LEFIGARO\">dans lequel il s\u2019est suicid\u00e9<\/a>\u00a0le 30 avril 1945.<\/p>\n<p class=\"fig-paragraph\">Les exp\u00e9riences r\u00e9v\u00e8lent que le national-socialiste \u00e9tait \u00abtr\u00e8s probablement\u00bb atteint du\u00a0<a href=\"https:\/\/sante.lefigaro.fr\/article\/le-retard-pubertaire-pas-toujours-si-simple-\" target=\"_blank\" data-fig-type=\"Article\" rel=\"sponsored noopener\" data-gtm-custom-categorie=\"navigation\" data-gtm-custom-action=\"crossclick\" data-gtm-custom-label=\"Contextuel\" data-gtm-event=\"customEventSPE\" data-fig-domain=\"SANTE\">syndrome de Kallmann<\/a>, qui se manifeste souvent chez les hommes par un faible taux de testost\u00e9rone et un d\u00e9veloppement anormal des organes sexuels. Ce syndrome est souvent associ\u00e9 \u00e0 une cryptorchidie (testicule non descendu), pouvant entra\u00eener un microp\u00e9nis.<\/p>\n<p>                                    <a class=\"fig-a11y-skip a11y-hidden\" href=\"#fig-a11y-skip-main-inarticle\"><br \/>\n        Passer la publicit\u00e9<br \/>\n    <\/a><\/p>\n<p class=\"fig-paragraph\">L\u2019analyse permet pour la premi\u00e8re fois de corroborer des documents historiques selon lesquels il souffrait d\u2019une cryptorchidie du c\u00f4t\u00e9 droit, souligne ainsi la g\u00e9n\u00e9ticienne Turi King, qui a dirig\u00e9 l\u2019\u00e9tude scientifique et co\u00e9crit le documentaire intitul\u00e9 \u00abHitler\u2019s DNA: Blueprint of a Dictator\u00bb (\u00abL\u2019ADN d\u2019Hitler\u00a0: le profil d\u2019un dictateur\u00bb). Celui-ci sera diffus\u00e9 samedi sur la t\u00e9l\u00e9vision britannique Channel 4.<\/p>\n<p><strong>Hitler n\u2019\u00e9tait pas Juif<\/strong><\/p>\n<p class=\"fig-paragraph\">Des chansons populaires pendant la\u00a0<a href=\"http:\/\/www.lefigaro.fr\/livres\/verbatim-des-conferences-de-la-seconde-guerre-mondiale-la-preparation-de-la-guerre-froide-20251113\" data-fig-type=\"Article\" data-gtm-custom-categorie=\"navigation\" data-gtm-custom-action=\"crossclick\" data-gtm-custom-label=\"Contextuel\" data-gtm-event=\"customEventSPE\" data-fig-domain=\"LEFIGARO\" target=\"_blank\" rel=\"noopener\">Seconde Guerre mondiale<\/a>\u00a0se moquaient souvent de l\u2019anatomie d\u2019Hitler. Les tests ont \u00e9galement r\u00e9v\u00e9l\u00e9 des scores \u00abtr\u00e8s \u00e9lev\u00e9s\u00bb (dans le top 1%) pour une pr\u00e9disposition \u00e0 l\u2019autisme, \u00e0 la schizophr\u00e9nie et au trouble bipolaire. Les chercheurs ont cependant tenu \u00e0 souligner que ces troubles ne pouvaient expliquer les politiques d\u2019Hitler, qui ont provoqu\u00e9 la mort de dizaines de millions de personnes, dont le g\u00e9nocide de six millions de Juifs.<\/p>\n<p class=\"fig-paragraph\">Par ailleurs,\u00a0<a href=\"http:\/\/www.lefigaro.fr\/histoire\/livres\/les-revelations-de-michel-guenaire-sur-la-visite-d-adolf-hitler-a-paris-en-1940-20250613\" data-fig-type=\"Article\" data-gtm-custom-categorie=\"navigation\" data-gtm-custom-action=\"crossclick\" data-gtm-custom-label=\"Contextuel\" data-gtm-event=\"customEventSPE\" data-fig-domain=\"LEFIGARO\" target=\"_blank\" rel=\"noopener\">Adolf Hitler<\/a>\u00a0n\u2019\u00e9tait pas n\u00e9 d\u2019un grand-p\u00e8re\u00a0<a href=\"http:\/\/www.lefigaro.fr\/international\/escalade-du-terrorisme-juif-les-violences-des-colons-en-cisjordanie-forcent-israel-a-reagir-20251113\" data-fig-type=\"Article\" data-gtm-custom-categorie=\"navigation\" data-gtm-custom-action=\"crossclick\" data-gtm-custom-label=\"Contextuel\" data-gtm-event=\"customEventSPE\" data-fig-domain=\"LEFIGARO\" target=\"_blank\" rel=\"noopener\">juif<\/a>, affirment les g\u00e9n\u00e9ticiens, tordant le cou \u00e0 cette vieille rumeur, persistante de son vivant et encore aujourd\u2019hui, indiquent les scientifiques. C\u2019est la premi\u00e8re fois que des chercheurs s\u00e9quencent le g\u00e9nome d\u2019Hitler, \u00abd\u00e9boulonnant un mythe\u00bb selon lequel le p\u00e8re d\u2019Hitler aurait \u00e9t\u00e9 le fruit d\u2019une relation extra-conjugale entre sa grand-m\u00e8re et son employeur, de confession juive.<\/p>\n<p class=\"fig-paragraph\">Mais les chercheurs ont trouv\u00e9 des correspondances g\u00e9n\u00e9tiques entre le dictateur et la lign\u00e9e masculine de la famille Hitler. Si la rumeur avait \u00e9t\u00e9 vraie, \u00abnous n\u2019aurions pas obtenu la correspondance ADN avec la famille Hitler, or nous avons cette correspondance (\u2026) ce qui met fin \u00e0 cette rumeur\u00bb, explique \u00e0 l\u2019AFP Turi King.<\/p>\n","protected":false},"excerpt":{"rendered":"Les chercheurs ont cependant tenu \u00e0 relever que ces troubles ne pouvaient expliquer les politiques d\u2019Hitler, qui ont&hellip;\n","protected":false},"author":2,"featured_media":533577,"comment_status":"","ping_status":"","sticky":false,"template":"","format":"standard","meta":{"footnotes":""},"categories":[1586],"tags":[11,19146,1777,674,1779,1011,27,12,25,1778,364],"class_list":{"0":"post-533576","1":"post","2":"type-post","3":"status-publish","4":"format-standard","5":"has-post-thumbnail","7":"category-europe","8":"tag-actualites","9":"tag-adolf-hitler","10":"tag-eu","11":"tag-europe","12":"tag-european-union","13":"tag-fr","14":"tag-france","15":"tag-news","16":"tag-republique-francaise","17":"tag-ue","18":"tag-union-europeenne"},"share_on_mastodon":{"url":"https:\/\/pubeurope.com\/@fr\/115547921815679379","error":""},"_links":{"self":[{"href":"https:\/\/www.europesays.com\/fr\/wp-json\/wp\/v2\/posts\/533576","targetHints":{"allow":["GET"]}}],"collection":[{"href":"https:\/\/www.europesays.com\/fr\/wp-json\/wp\/v2\/posts"}],"about":[{"href":"https:\/\/www.europesays.com\/fr\/wp-json\/wp\/v2\/types\/post"}],"author":[{"embeddable":true,"href":"https:\/\/www.europesays.com\/fr\/wp-json\/wp\/v2\/users\/2"}],"replies":[{"embeddable":true,"href":"https:\/\/www.europesays.com\/fr\/wp-json\/wp\/v2\/comments?post=533576"}],"version-history":[{"count":0,"href":"https:\/\/www.europesays.com\/fr\/wp-json\/wp\/v2\/posts\/533576\/revisions"}],"wp:featuredmedia":[{"embeddable":true,"href":"https:\/\/www.europesays.com\/fr\/wp-json\/wp\/v2\/media\/533577"}],"wp:attachment":[{"href":"https:\/\/www.europesays.com\/fr\/wp-json\/wp\/v2\/media?parent=533576"}],"wp:term":[{"taxonomy":"category","embeddable":true,"href":"https:\/\/www.europesays.com\/fr\/wp-json\/wp\/v2\/categories?post=533576"},{"taxonomy":"post_tag","embeddable":true,"href":"https:\/\/www.europesays.com\/fr\/wp-json\/wp\/v2\/tags?post=533576"}],"curies":[{"name":"wp","href":"https:\/\/api.w.org\/{rel}","templated":true}]}}