{"id":533584,"date":"2025-11-14T11:58:20","date_gmt":"2025-11-14T11:58:20","guid":{"rendered":"https:\/\/www.europesays.com\/fr\/533584\/"},"modified":"2025-11-14T11:58:20","modified_gmt":"2025-11-14T11:58:20","slug":"des-haters-attaches-au-respect-des-regles-menent-la-vie-dure-a-bernhard-langer-jusque-sur-le-parcours","status":"publish","type":"post","link":"https:\/\/www.europesays.com\/fr\/533584\/","title":{"rendered":"Des \u201chaters\u201d attach\u00e9s au respect des r\u00e8gles m\u00e8nent la vie dure \u00e0 Bernhard Langer jusque sur le parcours"},"content":{"rendered":"<p>\t\t\t\t\t\t<img width=\"770\" height=\"556\" src=\"https:\/\/www.europesays.com\/fr\/wp-content\/uploads\/2025\/11\/langer-anchoring-770x556.jpeg\" class=\"img-responsive wp-post-image\" alt=\"\" decoding=\"async\" fetchpriority=\"high\"  \/>\t\t\t\t\t<\/p>\n<p>\t\t\t\t\t\t Partager cet article <\/p>\n<p class=\"screen-reader-text juiz_sps_maybe_hidden_text\">Partager la publication \u00ab\u00a0Des \u201chaters\u201d attach\u00e9s au respect des r\u00e8gles m\u00e8nent la vie dure \u00e0 Bernhard Langer jusque sur le parcours\u00a0\u00bb<\/p>\n<p><strong>A l\u2019occasion du dernier tournoi de la saison sur le PGA Tour Champions, l\u2019Allemand Bernhard Langer est \u201cpoursuivi\u201d par deux individus portant un t-shirt d\u00e9non\u00e7ant sa fa\u00e7on de putter qui selon eux enfreint les r\u00e8gles.<\/strong><\/p>\n<p>\t\t\t\t\t<a id=\"190395\" href=\"https:\/\/moroccofairmontcup.com\/marrakech\/\" target=\"_blank\" rel=\"sponsorised nofollow noopener\"><img decoding=\"async\" src=\"data:image\/svg+xml,%3Csvg%20xmlns=\" http:=\"\" class=\"img-responsive\" alt=\"\" data-lazy-src=\"https:\/\/www.europesays.com\/fr\/wp-content\/uploads\/2025\/10\/fairmont-2025-e01-golf-cup-1170x275-1.jpg\"\/><\/a><\/p>\n<p>Pour lutter contre les \u201cyips\u201d <strong>Bernhard Langer<\/strong>, la l\u00e9gende du golf allemand a adopt\u00e9 il y a de nombreuses ann\u00e9es le long putter et sa technique parfois tr\u00e8s limite.<\/p>\n<p>Une fa\u00e7on de putter qui a permis au premier num\u00e9ro 1 mondial de l\u2019histoire de remporter d\u2019innombrables succ\u00e8s sur le circuit senior am\u00e9ricain sur lequel il \u00e9volue encore \u00e0 68 ans.<\/p>\n<p>Il d\u00e9tient m\u00eame plusieurs records de long\u00e9vit\u00e9.<\/p>\n<p>\t\t\t\t\t<a id=\"191243\" href=\"https:\/\/heritagegolfclub.mu\/fr\/sejournez-jouez\/?utm_medium=digital%20&amp;utm_source=banners&amp;utm_campaign=golf%20planete%20digital%20banners\" target=\"_blank\" rel=\"sponsorised nofollow noopener\"><img fetchpriority=\"high\" decoding=\"async\" src=\"https:\/\/www.europesays.com\/fr\/wp-content\/uploads\/2025\/11\/heritage-e03-sejournez-jouez-v3-1170x275-1.gif\" class=\"img-responsive\" alt=\"\"\/><\/a><br \/>\nLe troisi\u00e8me point d\u2019ancrage dans le viseur<\/p>\n<p>Mais cette semaine alors qu\u2019il d\u00e9fend son titre dans le <strong>Charles Schwab Cup Championship<\/strong>, la finale de la saison du PGA Tour Champions, <a href=\"https:\/\/www.golfplanete.com\/actualites\/le-masters-selon-bernhard-langer\/\" rel=\"nofollow noopener\" target=\"_blank\">celui qui a annonc\u00e9 qu\u2019il avait disput\u00e9 son dernier Masters \u00e0 Augusta<\/a>, est suivi par deux spectateurs qui ne font pas franchement partie de ses supporters.<\/p>\n<p>Et que lui reprochent-ils exactement ?<\/p>\n<p>Arborant un t-shirt sur lequel est imprim\u00e9e une photo du joueur \u00e0 l\u2019adresse et mentionnant la r\u00e8gle 10.18 qui interdit aux joueurs d\u2019utiliser un troisi\u00e8me point d\u2019ancrage, ils d\u00e9noncent le fait que Langer appuie son avant bras voire sa main gauche sur sa poitrine.<\/p>\n<p>\u201cutiliser un troisi\u00e8me point d\u2019ancrage n\u2019est pas un crime, c\u2019est juste contre les r\u00e8gles.\u201d peut-on aussi lire sur le t-shirt.<\/p>\n<blockquote data-service=\"twitter\" data-category=\"marketing\" data-placeholder-image=\"https:\/\/www.golfplanete.com\/wp-content\/plugins\/complianz-gdpr-premium\/assets\/images\/placeholders\/twitter-minimal.jpg\" class=\"cmplz-placeholder-element twitter-tweet\" data-media-max-width=\"560\"><p>&#13;<\/p>\n<p dir=\"ltr\" lang=\"und\">Bro\ud83d\ude02\ud83d\ude02 <a href=\"https:\/\/t.co\/lsUdYJpige\" rel=\"nofollow\">pic.twitter.com\/lsUdYJpige<\/a><\/p>\n<p>&#13;<br \/>\n&#13;<br \/>\n\u2014 Fredrik Lindblom (@f_lindblom) <a href=\"https:\/\/twitter.com\/f_lindblom\/status\/1989043932509139143?ref_src=twsrc%5Etfw\" rel=\"nofollow noopener\" target=\"_blank\">November 13, 2025<\/a><\/p><\/blockquote>\n<p>\t\t\t\t<img loading=\"lazy\" decoding=\"async\" src=\"data:image\/svg+xml,%3Csvg%20xmlns=\" http:=\"\" attributionsrc=\"\" border=\"0\" height=\"1\" width=\"1\" alt=\"Advertisement\" data-lazy-src=\"https:\/\/www.europesays.com\/fr\/wp-content\/uploads\/2025\/10\/B33047934.424844132;dc_trk_aid=615928068;dc_trk_cid=236605808;ord=[timestamp];dc_lat=;dc_rdid=;tag_f.gif\"\/><\/p>\n<p>\t\t\t\t\t<a id=\"179415\" href=\"https:\/\/ad.doubleclick.net\/ddm\/trackclk\/N1153799.3770024GOLFPLANATE\/B33047934.424844132;dc_trk_aid=615928068;dc_trk_cid=236605808;dc_lat=;dc_rdid=;tag_for_child_directed_treatment=;tfua=;gdpr=${GDPR};gdpr_consent=${GDPR_CONSENT_755};ltd=;dc_tdv=1\" target=\"_blank\" rel=\"sponsorised nofollow noopener\"><img decoding=\"async\" src=\"data:image\/svg+xml,%3Csvg%20xmlns=\" http:=\"\" class=\"img-responsive\" alt=\"\" data-lazy-src=\"https:\/\/www.europesays.com\/fr\/wp-content\/uploads\/2025\/07\/callaway-e01-apex-v1-770x385-1.jpg\"\/><\/a><\/p>\n<p>Adoptant une attitude pacifique et ne manifestant aucune intention \u201cd\u00e9l\u00e9t\u00e8re\u201d, ils restent dans les \u201cclous\u201d, se contentant de coller aux basques du joueurs 6 fois vainqueur du classement g\u00e9n\u00e9ral des plus de 50 ans pour ne pas \u00eatre exclus du parcours.<\/p>\n<blockquote data-service=\"twitter\" data-category=\"marketing\" data-placeholder-image=\"https:\/\/www.golfplanete.com\/wp-content\/plugins\/complianz-gdpr-premium\/assets\/images\/placeholders\/twitter-minimal.jpg\" class=\"cmplz-placeholder-element twitter-tweet\"><p>&#13;<\/p>\n<p dir=\"ltr\" lang=\"en\">Developing story! Spotted 2 guys following Bernhard Langer at the Tour Championship with shirts on that claim he\u2019s cheating by anchoring his putter\ud83d\ude02 <a href=\"https:\/\/t.co\/jYRl1aicbU\" rel=\"nofollow\">pic.twitter.com\/jYRl1aicbU<\/a><\/p>\n<p>&#13;<br \/>\n&#13;<br \/>\n\u2014 Fredrik Lindblom (@f_lindblom) <a href=\"https:\/\/twitter.com\/f_lindblom\/status\/1989040302741729675?ref_src=twsrc%5Etfw\" rel=\"nofollow noopener\" target=\"_blank\">November 13, 2025<\/a><\/p><\/blockquote>\n<p>\t\t\t<script async src=\"https:\/\/platform.twitter.com\/widgets.js\" charset=\"utf-8\"><\/script><\/p>\n","protected":false},"excerpt":{"rendered":"Partager cet article Partager la publication \u00ab\u00a0Des \u201chaters\u201d attach\u00e9s au respect des r\u00e8gles m\u00e8nent la vie dure \u00e0&hellip;\n","protected":false},"author":2,"featured_media":533585,"comment_status":"","ping_status":"","sticky":false,"template":"","format":"standard","meta":{"footnotes":""},"categories":[1418],"tags":[1011,27,1472,60],"class_list":{"0":"post-533584","1":"post","2":"type-post","3":"status-publish","4":"format-standard","5":"has-post-thumbnail","7":"category-golf","8":"tag-fr","9":"tag-france","10":"tag-golf","11":"tag-sports"},"share_on_mastodon":{"url":"https:\/\/pubeurope.com\/@fr\/115547939344220251","error":""},"_links":{"self":[{"href":"https:\/\/www.europesays.com\/fr\/wp-json\/wp\/v2\/posts\/533584","targetHints":{"allow":["GET"]}}],"collection":[{"href":"https:\/\/www.europesays.com\/fr\/wp-json\/wp\/v2\/posts"}],"about":[{"href":"https:\/\/www.europesays.com\/fr\/wp-json\/wp\/v2\/types\/post"}],"author":[{"embeddable":true,"href":"https:\/\/www.europesays.com\/fr\/wp-json\/wp\/v2\/users\/2"}],"replies":[{"embeddable":true,"href":"https:\/\/www.europesays.com\/fr\/wp-json\/wp\/v2\/comments?post=533584"}],"version-history":[{"count":0,"href":"https:\/\/www.europesays.com\/fr\/wp-json\/wp\/v2\/posts\/533584\/revisions"}],"wp:featuredmedia":[{"embeddable":true,"href":"https:\/\/www.europesays.com\/fr\/wp-json\/wp\/v2\/media\/533585"}],"wp:attachment":[{"href":"https:\/\/www.europesays.com\/fr\/wp-json\/wp\/v2\/media?parent=533584"}],"wp:term":[{"taxonomy":"category","embeddable":true,"href":"https:\/\/www.europesays.com\/fr\/wp-json\/wp\/v2\/categories?post=533584"},{"taxonomy":"post_tag","embeddable":true,"href":"https:\/\/www.europesays.com\/fr\/wp-json\/wp\/v2\/tags?post=533584"}],"curies":[{"name":"wp","href":"https:\/\/api.w.org\/{rel}","templated":true}]}}