{"id":533590,"date":"2025-11-14T12:06:11","date_gmt":"2025-11-14T12:06:11","guid":{"rendered":"https:\/\/www.europesays.com\/fr\/533590\/"},"modified":"2025-11-14T12:06:11","modified_gmt":"2025-11-14T12:06:11","slug":"soudal-quick-step-dt-recrute-un-mexicain-actualite","status":"publish","type":"post","link":"https:\/\/www.europesays.com\/fr\/533590\/","title":{"rendered":"Soudal Quick-Step DT recrute un Mexicain &#8211; Actualit\u00e9"},"content":{"rendered":"<p style=\"text-align: justify;\">La Soudal Quick-Step DT, l&rsquo;\u00e9quipe r\u00e9serve la WorldTeam du m\u00eame nom, annonce l\u2019arriv\u00e9e pour la saison 2026 du Mexicain Said Cisneros. Il a pass\u00e9 ses deux ann\u00e9es Juniors dans l\u2019\u00e9quipe AR Monex.<\/p>\n<p>Said Cisneros est le Champion du Mexique Juniors de la course en ligne et a obtenu la m\u00e9daille d\u2019argent lors du contre-la-montre. Il s\u2019est aussi class\u00e9 5e du Troph\u00e9e Buffoni (1.1), 17e du Championnat du Monde et 27e de l\u2019Eroica Juniors-Coppa Andrea Meneghelli (1.1).<\/p>\n<p>Retrouvez\u00a0toutes les mutations de l&rsquo;intersaison\u00a0<a href=\"https:\/\/www.directvelo.com\/mutations\/2026#amateur-not_dn\" target=\"_blank\" rel=\"noopener\"><strong>en cliquant ici<\/strong><\/a>.<\/p>\n","protected":false},"excerpt":{"rendered":"La Soudal Quick-Step DT, l&rsquo;\u00e9quipe r\u00e9serve la WorldTeam du m\u00eame nom, annonce l\u2019arriv\u00e9e pour la saison 2026 du&hellip;\n","protected":false},"author":2,"featured_media":533591,"comment_status":"","ping_status":"","sticky":false,"template":"","format":"standard","meta":{"footnotes":""},"categories":[1411],"tags":[834,828,836,829,837,827,83,826,824,823,1154,207,814,817,815,816,822,821,832,211,839,1011,27,820,818,819,835,831,830,833,838,60,212,208,825],"class_list":{"0":"post-533590","1":"post","2":"type-post","3":"status-publish","4":"format-standard","5":"has-post-thumbnail","7":"category-cyclisme","8":"tag-attaque","9":"tag-belgique","10":"tag-braquet","11":"tag-bretagne","12":"tag-chute","13":"tag-competition","14":"tag-coupe-de-france","15":"tag-coureur","16":"tag-course-cyclisme","17":"tag-course-cycliste","18":"tag-cycling","19":"tag-cyclisme","20":"tag-direct","21":"tag-direct-velo","22":"tag-directvelo","23":"tag-directvelo-com","24":"tag-epreuve","25":"tag-epreuve-cycliste","26":"tag-federation-francaise-de-cyclisme","27":"tag-ffc","28":"tag-flandres","29":"tag-fr","30":"tag-france","31":"tag-live","32":"tag-live-course","33":"tag-live-epreuve","34":"tag-peloton","35":"tag-radio-peloton","36":"tag-radio-tour","37":"tag-ravitaillement","38":"tag-relance","39":"tag-sports","40":"tag-uci","41":"tag-velo","42":"tag-velos"},"share_on_mastodon":{"url":"https:\/\/pubeurope.com\/@fr\/115547968958403543","error":""},"_links":{"self":[{"href":"https:\/\/www.europesays.com\/fr\/wp-json\/wp\/v2\/posts\/533590","targetHints":{"allow":["GET"]}}],"collection":[{"href":"https:\/\/www.europesays.com\/fr\/wp-json\/wp\/v2\/posts"}],"about":[{"href":"https:\/\/www.europesays.com\/fr\/wp-json\/wp\/v2\/types\/post"}],"author":[{"embeddable":true,"href":"https:\/\/www.europesays.com\/fr\/wp-json\/wp\/v2\/users\/2"}],"replies":[{"embeddable":true,"href":"https:\/\/www.europesays.com\/fr\/wp-json\/wp\/v2\/comments?post=533590"}],"version-history":[{"count":0,"href":"https:\/\/www.europesays.com\/fr\/wp-json\/wp\/v2\/posts\/533590\/revisions"}],"wp:featuredmedia":[{"embeddable":true,"href":"https:\/\/www.europesays.com\/fr\/wp-json\/wp\/v2\/media\/533591"}],"wp:attachment":[{"href":"https:\/\/www.europesays.com\/fr\/wp-json\/wp\/v2\/media?parent=533590"}],"wp:term":[{"taxonomy":"category","embeddable":true,"href":"https:\/\/www.europesays.com\/fr\/wp-json\/wp\/v2\/categories?post=533590"},{"taxonomy":"post_tag","embeddable":true,"href":"https:\/\/www.europesays.com\/fr\/wp-json\/wp\/v2\/tags?post=533590"}],"curies":[{"name":"wp","href":"https:\/\/api.w.org\/{rel}","templated":true}]}}