{"id":533601,"date":"2025-11-14T12:13:20","date_gmt":"2025-11-14T12:13:20","guid":{"rendered":"https:\/\/www.europesays.com\/fr\/533601\/"},"modified":"2025-11-14T12:13:20","modified_gmt":"2025-11-14T12:13:20","slug":"on-en-sait-plus-sur-le-voyage-dulysse-dans-le-film-de-nolan-et-ca-donne-tres-envie","status":"publish","type":"post","link":"https:\/\/www.europesays.com\/fr\/533601\/","title":{"rendered":"on en sait plus sur le voyage d&rsquo;Ulysse dans le film de Nolan (et \u00e7a donne tr\u00e8s envie)"},"content":{"rendered":"<p><strong><a href=\"https:\/\/www.ecranlarge.com\/personnalite\/653708-matt-damon\" data-type=\"people\" data-id=\"5556\" rel=\"nofollow noopener\" target=\"_blank\">Matt Damon<\/a> incarne Ulysse dans <a href=\"https:\/\/www.ecranlarge.com\/films\/untitled-christopher-nolan-film\" data-type=\"films\" data-id=\"1218869\" rel=\"nofollow noopener\" target=\"_blank\">L\u2019Odyss\u00e9e<\/a> de <a href=\"https:\/\/www.ecranlarge.com\/personnalite\/656494-christopher-nolan\" data-type=\"people\" data-id=\"85276\" rel=\"nofollow noopener\" target=\"_blank\">Christopher Nolan<\/a> et il a d\u00e9voil\u00e9 au moins deux grosses aventures de son h\u00e9ros pr\u00e9sentes dans le film.<\/strong><\/p>\n<p>Comment adapter L\u2019Odyss\u00e9e d\u2019Hom\u00e8re ? Le voyage mythique d\u2019Ulysse de son d\u00e9part de Troie jusqu\u2019\u00e0 son retour \u00e0 Ithaque, pour retrouver son fils T\u00e9l\u00e9maque et sa femme P\u00e9n\u00e9lope, est <strong>un de ces r\u00e9cits difficiles \u00e0 adapter notamment \u00e0 cause de sa structure \u00e9clat\u00e9e<\/strong>, son rythme in\u00e9gal et son ton hybride. Et c\u2019est sans compter les nombreuses \u00e9tapes du p\u00e9riple de son h\u00e9ros, si nombreuses qu\u2019il est quasi-impossible de les contenir dans un seul film de 2-3h.<\/p>\n<p>\u00c7a n\u2019a pas effray\u00e9 pour autant Christopher Nolan puisque son prochain film s\u2019attaquera donc \u00e0 <strong>L\u2019Odyss\u00e9e<\/strong>. On sait d\u2019ailleurs, gr\u00e2ce au teaser du film d\u00e9voil\u00e9 en juillet dernier mais aussi une illustration du magazine Empire, que le Britannique passera au moins un temps du c\u00f4t\u00e9 de Troie et de l\u2019\u00e9pisode du cheval (la fameuse ruse d\u2019Ulysse dans <strong>L\u2019Iliade<\/strong>). Pour le reste, <strong>le myst\u00e8re reste entier sur les partis-pris de Nolan pour sa fresque \u00e9pique\u2026 ou presque<\/strong> puisque Matt Damon a donn\u00e9 quelques d\u00e9tails sur les \u00e9tapes de son Ulysse.<\/p>\n<p>                    <img decoding=\"async\" alt=\"\" class=\"wp-image-518375\" style=\"object-fit:cover;width:25px;height:25px\" src=\"https:\/\/www.ecranlarge.com\/content\/uploads\/2023\/09\/arrow-right-circle.svg\"\/><\/p>\n<p><a href=\"https:\/\/www.ecranlarge.com\/content\/uploads\/2025\/11\/1311hbs.jpg\" rel=\"nofollow noopener\" target=\"_blank\"><\/p>\n<p><img loading=\"lazy\" decoding=\"async\" alt=\"Matt Damon dans L'Odyss\u00e9e\" src=\"https:\/\/www.europesays.com\/fr\/wp-content\/uploads\/2025\/11\/1311hbs-1260x709.jpg\" width=\"1260\" height=\"709\"  \/><\/p>\n<p><\/a>Ulysse et son arm\u00e9el\u2019\u00e9poque de l\u2019\u00e9pique<\/p>\n<p>Empire a r\u00e9ussi \u00e0 avoir une grosse exclusivit\u00e9 pour son num\u00e9ro de janvier 2026 consacr\u00e9 \u00e0 <strong>L\u2019Odyss\u00e9e <\/strong>de Christopher Nolan. Le m\u00e9dia britannique a pu interviewer le cin\u00e9aste sur le tournage dingue de son film, <strong>obtenir quelques photos in\u00e9dites<\/strong> (visible ci-dessus et ci-dessous) et aussi interroger Matt Damon sur son r\u00f4le d\u2019Ulysse. S\u2019il a confi\u00e9 que le film \u00e9tait \u00ab\u00a0la meilleure exp\u00e9rience [s]a carri\u00e8re\u00a0\u00bb, l\u2019acteur a surtout pu s\u2019\u00e9pancher sur le voyage du h\u00e9ros grec et a promis de tr\u00e8s belles choses :<\/p>\n<blockquote class=\"wp-block-quote is-layout-flow wp-block-quote-is-layout-flow\">\n<p><strong><b>\u00ab\u00a0Si vous \u00eates en proie \u00e0 une crise existentielle en croisant les Sir\u00e8nes, attach\u00e9 \u00e0 un m\u00e2t, vous en serez. Si le sc\u00e9nario dit que vous fuyez un Cyclope, vous fuirez pour sauver votre peau. Chris ne fait pas dans la demi-mesure. [\u2026] Ce film est exactement ce qu\u2019on peut attendre d\u2019un blockbuster estival. \u00c7a devrait \u00eatre<\/b> le film le plus divertissant qui soit. Il devrait avoir une dimension mythique.\u00a0\u00bb<\/strong><\/p>\n<\/blockquote>\n<p><a href=\"https:\/\/www.ecranlarge.com\/content\/uploads\/2025\/11\/1311hmd.jpg\" rel=\"nofollow noopener\" target=\"_blank\"><\/p>\n<p><img loading=\"lazy\" decoding=\"async\" alt=\"Matt Damon dans L'Odyss\u00e9e\" src=\"https:\/\/www.europesays.com\/fr\/wp-content\/uploads\/2025\/11\/1311hmd-1260x709.jpg\" width=\"1260\" height=\"709\"  \/><\/p>\n<p><\/a>Probablement un passage sur la plage de Troie<\/p>\n<p>Outre l\u2019\u00e9pisode du cheval de Troie avant son voyage retour, <strong>Ulysse affrontera donc au moins le Cyclope et les Sir\u00e8nes<\/strong>, soit deux des \u00e9tapes les plus l\u00e9gendaires de <strong>L\u2019Odyss\u00e9e<\/strong>. Et comme il s\u2019agit d\u2019\u00e9v\u00e9nements assez \u00e9loign\u00e9s dans le voyage hom\u00e9rique, on peut supposer qu\u2019il y aura s\u00fbrement un acte autour des Lestrygons (ces g\u00e9ants qui d\u00e9vorent les humains) et la magicienne Circ\u00e9 (d\u2019autant plus qu\u2019elle est, a priori, au casting incarn\u00e9e par Charlize Theron). On voyait \u00e9galement Ulysse seul au milieu de la mer dans le teaser, supposant un naufrage et son arriv\u00e9e chez la nymphe Calypso (ou les Ph\u00e9aciens).<\/p>\n<p>                    <img decoding=\"async\" alt=\"\" class=\"wp-image-518375\" style=\"object-fit:cover;width:25px;height:25px\" src=\"https:\/\/www.ecranlarge.com\/content\/uploads\/2023\/09\/arrow-right-circle.svg\"\/><\/p>\n<p><strong>L\u2019Odyss\u00e9e devrait donc contenir d\u2019ores et d\u00e9j\u00e0 pas mal de grands moments du r\u00e9cit d\u2019Hom\u00e8re<\/strong>. Par ailleurs, la fa\u00e7on dont Matt Damon d\u00e9crit les deux actes semble pr\u00e9sager d\u2019un c\u00f4t\u00e9 \u00ab\u00a0immersif\u00a0\u00bb au c\u0153ur du dispositif de Christopher Nolan. Un peu comme si les spectateurs vivaient pleinement le voyage, les \u00e9preuves et la douleur\/les \u00e9motions d\u2019Ulysse et son \u00e9quipage. Si c\u2019est vraiment le cas, difficile de ne pas \u00eatre encore plus enthousiaste. Pour s\u2019en assurer, <strong>on attendra patiemment la sortie au cin\u00e9ma le 15 juillet 2026 en France.<\/strong><\/p>\n","protected":false},"excerpt":{"rendered":"Matt Damon incarne Ulysse dans L\u2019Odyss\u00e9e de Christopher Nolan et il a d\u00e9voil\u00e9 au moins deux grosses aventures&hellip;\n","protected":false},"author":2,"featured_media":533602,"comment_status":"","ping_status":"","sticky":false,"template":"","format":"standard","meta":{"footnotes":""},"categories":[1354],"tags":[58,59,1346,1011,27,1360],"class_list":{"0":"post-533601","1":"post","2":"type-post","3":"status-publish","4":"format-standard","5":"has-post-thumbnail","7":"category-films","8":"tag-divertissement","9":"tag-entertainment","10":"tag-films","11":"tag-fr","12":"tag-france","13":"tag-movies"},"share_on_mastodon":{"url":"https:\/\/pubeurope.com\/@fr\/115547998023711176","error":""},"_links":{"self":[{"href":"https:\/\/www.europesays.com\/fr\/wp-json\/wp\/v2\/posts\/533601","targetHints":{"allow":["GET"]}}],"collection":[{"href":"https:\/\/www.europesays.com\/fr\/wp-json\/wp\/v2\/posts"}],"about":[{"href":"https:\/\/www.europesays.com\/fr\/wp-json\/wp\/v2\/types\/post"}],"author":[{"embeddable":true,"href":"https:\/\/www.europesays.com\/fr\/wp-json\/wp\/v2\/users\/2"}],"replies":[{"embeddable":true,"href":"https:\/\/www.europesays.com\/fr\/wp-json\/wp\/v2\/comments?post=533601"}],"version-history":[{"count":0,"href":"https:\/\/www.europesays.com\/fr\/wp-json\/wp\/v2\/posts\/533601\/revisions"}],"wp:featuredmedia":[{"embeddable":true,"href":"https:\/\/www.europesays.com\/fr\/wp-json\/wp\/v2\/media\/533602"}],"wp:attachment":[{"href":"https:\/\/www.europesays.com\/fr\/wp-json\/wp\/v2\/media?parent=533601"}],"wp:term":[{"taxonomy":"category","embeddable":true,"href":"https:\/\/www.europesays.com\/fr\/wp-json\/wp\/v2\/categories?post=533601"},{"taxonomy":"post_tag","embeddable":true,"href":"https:\/\/www.europesays.com\/fr\/wp-json\/wp\/v2\/tags?post=533601"}],"curies":[{"name":"wp","href":"https:\/\/api.w.org\/{rel}","templated":true}]}}