{"id":533603,"date":"2025-11-14T12:14:14","date_gmt":"2025-11-14T12:14:14","guid":{"rendered":"https:\/\/www.europesays.com\/fr\/533603\/"},"modified":"2025-11-14T12:14:14","modified_gmt":"2025-11-14T12:14:14","slug":"selon-une-etude-ce-fruit-sec-pourrait-reduire-le-risque-de-demence-de-12","status":"publish","type":"post","link":"https:\/\/www.europesays.com\/fr\/533603\/","title":{"rendered":"selon une \u00e9tude, ce fruit sec pourrait r\u00e9duire le risque de d\u00e9mence de 12 %"},"content":{"rendered":"<p>\t\t\t\t\tLes noix, un tr\u00e9sor de bienfaits pour le cerveau<br \/>\n Pourquoi les noix sont-elles si bonnes pour votre sant\u00e9 c\u00e9r\u00e9brale ?<\/p>\n<p>Les noix se distinguent des autres fruits secs par leur composition nutritionnelle exceptionnelle. Elles sont riches en <strong>om\u00e9ga-3<\/strong>, des acides gras essentiels qui renforcent les membranes cellulaires et soutiennent le fonctionnement des neurones. Elles contiennent \u00e9galement :<\/p>\n<ul>\n<li><strong>Des antioxydants puissants<\/strong>, comme la vitamine E et les polyph\u00e9nols, qui combattent le stress oxydatif, un des facteurs cl\u00e9s du vieillissement c\u00e9r\u00e9bral.<\/li>\n<li><strong>Des propri\u00e9t\u00e9s anti-inflammatoires<\/strong> : en r\u00e9duisant l\u2019inflammation chronique, les noix prot\u00e8gent les tissus c\u00e9r\u00e9braux des dommages.<\/li>\n<li><strong>Du magn\u00e9sium et du cuivre<\/strong>, qui jouent un r\u00f4le essentiel dans les connexions nerveuses et la transmission des signaux entre les neurones.<\/li>\n<\/ul>\n<p>Gr\u00e2ce \u00e0 cette combinaison, les noix ne se contentent pas de pr\u00e9server les fonctions cognitives, elles favorisent aussi une meilleure communication entre les cellules du cerveau.<\/p>\n<p> Une poign\u00e9e par jour pour r\u00e9duire le risque de d\u00e9mence<br \/>\n Les r\u00e9sultats frappants de l\u2019\u00e9tude<\/p>\n<p>Dans cette \u00e9tude men\u00e9e \u00e0 partir des donn\u00e9es de la UK Biobank, les chercheurs ont analys\u00e9 les habitudes alimentaires de plus de 50 000 personnes \u00e2g\u00e9es de 40 \u00e0 70 ans. Ils ont constat\u00e9 que celles qui consommaient une poign\u00e9e de noix non sal\u00e9es chaque jour avaient un <strong>risque r\u00e9duit de d\u00e9mence de 12 %<\/strong> par rapport \u00e0 celles qui n\u2019en consommaient pas.<\/p>\n<p>La dose recommand\u00e9e ? Environ <strong>28 grammes par jour<\/strong>, soit une petite poign\u00e9e. Ce geste simple pourrait prot\u00e9ger votre cerveau des ravages du temps et maintenir vos capacit\u00e9s de m\u00e9moire et de r\u00e9flexion plus longtemps.<\/p>\n<p><a href=\"https:\/\/www.europesays.com\/fr\/wp-content\/uploads\/2025\/11\/poignee-noix-par-jour.jpg\"><img loading=\"lazy\" decoding=\"async\" class=\"size-full wp-image-12988\" src=\"data:image\/svg+xml,%3Csvg%20xmlns=\" http:=\"\" alt=\"poigne\u0301e noix par jour\" width=\"1254\" height=\"836\" data-lazy- data-lazy- data-lazy-src=\"https:\/\/www.europesays.com\/fr\/wp-content\/uploads\/2025\/11\/poignee-noix-par-jour.jpg\"\/>Source: DR<\/a>\u00a9 iStock<br \/>\n Pourquoi une telle efficacit\u00e9 ?<\/p>\n<p>Les chercheurs estiment que les <strong>propri\u00e9t\u00e9s anti-inflammatoires et antioxydantes<\/strong> des noix jouent un r\u00f4le cl\u00e9. En effet, ces derni\u00e8res aident \u00e0 limiter les l\u00e9sions c\u00e9r\u00e9brales caus\u00e9es par les radicaux libres et l\u2019inflammation, deux processus souvent li\u00e9s au d\u00e9clin cognitif.<\/p>\n<p> Comment int\u00e9grer les noix \u00e0 votre alimentation au quotidien<br \/>\n Des id\u00e9es simples et savoureuses<\/p>\n<p>Vous vous demandez comment inclure cette poign\u00e9e de noix dans vos repas ? Voici quelques suggestions faciles et gourmandes :<\/p>\n<ul>\n<li><strong>Au petit-d\u00e9jeuner<\/strong> : Ajoutez-les \u00e0 vos c\u00e9r\u00e9ales, porridge ou yaourt pour une dose d\u2019\u00e9nergie matinale.<\/li>\n<li><strong>En en-cas<\/strong> : Mettez quelques noix dans un sachet \u00e0 emporter pour une collation saine.<\/li>\n<li><strong>Dans vos plats principaux<\/strong> : Int\u00e9grez-les dans des salades, des plats de p\u00e2tes ou des l\u00e9gumes saut\u00e9s pour une texture croquante.<\/li>\n<li><strong>En dessert<\/strong> : Parsemez vos g\u00e2teaux, cookies ou brownies de morceaux de noix pour un go\u00fbt subtil et un apport nutritif.<\/li>\n<\/ul>\n<p>Important :<\/p>\n<p> Pour profiter pleinement de leurs bienfaits, optez pour des noix nature. \u00c9vitez celles qui sont sal\u00e9es ou transform\u00e9es, car elles peuvent contenir des additifs ou des quantit\u00e9s \u00e9lev\u00e9es de sodium, moins b\u00e9n\u00e9fiques pour la sant\u00e9.<\/p>\n<p>La d\u00e9mence : un d\u00e9fi de sant\u00e9 publique majeur<br \/>\n Comprendre la gravit\u00e9 du probl\u00e8me<\/p>\n<p>Selon l\u2019Organisation mondiale de la sant\u00e9 (OMS), la d\u00e9mence affecte environ <strong>55 millions de personnes dans le monde<\/strong>, un chiffre qui pourrait tripler d\u2019ici 2050. Ces troubles cognitifs, qui incluent la maladie d\u2019Alzheimer, se caract\u00e9risent par une perte progressive de la m\u00e9moire, de la pens\u00e9e et de l\u2019autonomie.<\/p>\n<p>Avec l\u2019absence de traitement curatif, la pr\u00e9vention joue un r\u00f4le crucial. Les choix de vie, notamment l\u2019alimentation, peuvent consid\u00e9rablement influencer le risque de d\u00e9velopper ces maladies.<\/p>\n<p> Les atouts des noix pour votre sant\u00e9 c\u00e9r\u00e9brale<\/p>\n<tr>\n<strong>Composant des noix<\/strong><br \/>\n<strong>Bienfait principal<\/strong><br \/>\n<strong>Impact sur le cerveau<\/strong><br \/>\n<\/tr>\n<tr>\n<td>Om\u00e9ga-3<\/td>\n<td>Renforce les neurones<\/td>\n<td>Am\u00e9liore les connexions c\u00e9r\u00e9brales<\/td>\n<\/tr>\n<tr>\n<td>Antioxydants<\/td>\n<td>Prot\u00e8ge contre le stress oxydatif<\/td>\n<td>R\u00e9duit le vieillissement c\u00e9r\u00e9bral<\/td>\n<\/tr>\n<tr>\n<td>Propri\u00e9t\u00e9s anti-inflammatoires<\/td>\n<td>Limite les inflammations chroniques<\/td>\n<td>Pr\u00e9serve les tissus c\u00e9r\u00e9braux<\/td>\n<\/tr>\n<tr>\n<td>Magn\u00e9sium et cuivre<\/td>\n<td>Soutient la transmission nerveuse<\/td>\n<td>Favorise une meilleure m\u00e9moire<\/td>\n<\/tr>\n<p>Prendre soin de son cerveau : un petit geste, un grand impact<\/p>\n<p>En int\u00e9grant une poign\u00e9e de noix \u00e0 votre <a href=\"https:\/\/journaldesseniors.20minutes.fr\/sante\/ces-5-aliments-riches-en-magnesium-doivent-sinviter-dans-votre-assiette-cet-hiver-pour-eviter-la-fatigue\/\" target=\"_blank\" rel=\"noopener\">alimentation quotidienne<\/a>, vous prenez une d\u00e9cision simple mais puissante pour prot\u00e9ger votre sant\u00e9 c\u00e9r\u00e9brale. Bien que l\u2019\u00e9tude souligne les limites des donn\u00e9es autod\u00e9clar\u00e9es, les r\u00e9sultats sont suffisamment prometteurs pour faire des noix un alli\u00e9 incontournable contre le d\u00e9clin cognitif.<\/p>\n<p>Alors, pourquoi attendre ? La prochaine fois que vous ferez vos courses, pensez \u00e0 ajouter ce fruit sec \u00e0 votre panier. Votre m\u00e9moire et votre cerveau vous en remercieront !<\/p>\n","protected":false},"excerpt":{"rendered":"Les noix, un tr\u00e9sor de bienfaits pour le cerveau Pourquoi les noix sont-elles si bonnes pour votre sant\u00e9&hellip;\n","protected":false},"author":2,"featured_media":533604,"comment_status":"","ping_status":"","sticky":false,"template":"","format":"standard","meta":{"footnotes":""},"categories":[10],"tags":[1011,27,72,56,71],"class_list":{"0":"post-533603","1":"post","2":"type-post","3":"status-publish","4":"format-standard","5":"has-post-thumbnail","7":"category-sante","8":"tag-fr","9":"tag-france","10":"tag-health","11":"tag-push","12":"tag-sante"},"share_on_mastodon":{"url":"https:\/\/pubeurope.com\/@fr\/115548000437932457","error":""},"_links":{"self":[{"href":"https:\/\/www.europesays.com\/fr\/wp-json\/wp\/v2\/posts\/533603","targetHints":{"allow":["GET"]}}],"collection":[{"href":"https:\/\/www.europesays.com\/fr\/wp-json\/wp\/v2\/posts"}],"about":[{"href":"https:\/\/www.europesays.com\/fr\/wp-json\/wp\/v2\/types\/post"}],"author":[{"embeddable":true,"href":"https:\/\/www.europesays.com\/fr\/wp-json\/wp\/v2\/users\/2"}],"replies":[{"embeddable":true,"href":"https:\/\/www.europesays.com\/fr\/wp-json\/wp\/v2\/comments?post=533603"}],"version-history":[{"count":0,"href":"https:\/\/www.europesays.com\/fr\/wp-json\/wp\/v2\/posts\/533603\/revisions"}],"wp:featuredmedia":[{"embeddable":true,"href":"https:\/\/www.europesays.com\/fr\/wp-json\/wp\/v2\/media\/533604"}],"wp:attachment":[{"href":"https:\/\/www.europesays.com\/fr\/wp-json\/wp\/v2\/media?parent=533603"}],"wp:term":[{"taxonomy":"category","embeddable":true,"href":"https:\/\/www.europesays.com\/fr\/wp-json\/wp\/v2\/categories?post=533603"},{"taxonomy":"post_tag","embeddable":true,"href":"https:\/\/www.europesays.com\/fr\/wp-json\/wp\/v2\/tags?post=533603"}],"curies":[{"name":"wp","href":"https:\/\/api.w.org\/{rel}","templated":true}]}}