{"id":533612,"date":"2025-11-14T12:19:13","date_gmt":"2025-11-14T12:19:13","guid":{"rendered":"https:\/\/www.europesays.com\/fr\/533612\/"},"modified":"2025-11-14T12:19:13","modified_gmt":"2025-11-14T12:19:13","slug":"elle-laisse-son-bebe-dans-sa-voiture-en-plein-soleil-et-part-travailler-il-meurt-de-chaud","status":"publish","type":"post","link":"https:\/\/www.europesays.com\/fr\/533612\/","title":{"rendered":"Elle laisse son b\u00e9b\u00e9 dans sa voiture en plein soleil et part travailler, il meurt de chaud"},"content":{"rendered":"<p>Une jeune femme de 22 ans, originaire de l\u2019Etat de\u00a0G\u00e9orgie (<a href=\"https:\/\/www.20minutes.fr\/monde\/etats-unis\/\" class=\"c-link c-link--is-underlined\" target=\"_blank\" rel=\"noopener\">Etats-Unis<\/a>), a \u00e9t\u00e9 inculp\u00e9e d\u00e9but novembre apr\u00e8s le d\u00e9c\u00e8s de son <a href=\"https:\/\/www.20minutes.fr\/dossier\/bebe\" class=\"c-link c-link--is-underlined\" target=\"_blank\" rel=\"noopener\">b\u00e9b\u00e9<\/a> \u00e2g\u00e9 de sept mois. Comme le rapporte le <a href=\"https:\/\/nypost.com\/2025\/11\/13\/us-news\/georgia-mom-nyla-simmons-accused-of-leaving-her-7-month-old-son-to-die-in-hot-car-while-she-worked\/\" target=\"_blank\" class=\"c-link c-link--is-underlined\" rel=\"noopener\">New York Post<\/a>, elle est accus\u00e9e d\u2019avoir entra\u00een\u00e9 sa <a href=\"https:\/\/www.20minutes.fr\/dossier\/mort\" class=\"c-link c-link--is-underlined\" target=\"_blank\" rel=\"noopener\">mort<\/a>, survenue le 16\u00a0octobre dernier. Le nourrisson a \u00e9t\u00e9 retrouv\u00e9 sans vie dans sa <a href=\"https:\/\/www.20minutes.fr\/dossier\/voiture\" class=\"c-link c-link--is-underlined\" target=\"_blank\" rel=\"noopener\">voiture<\/a> en plein soleil, tout pr\u00e8s de son lieu de travail.<\/p>\n<p>D\u2019apr\u00e8s les premiers \u00e9l\u00e9ments, la jeune femme a laiss\u00e9 son fils dans son v\u00e9hicule\u00a0avant de commencer son service dans une concession automobile.\u00a0La temp\u00e9rature avoisinait alors les 32\u00a0\u00b0C, selon nos confr\u00e8res. Apr\u00e8s avoir r\u00e9alis\u00e9 qu\u2019elle avait oubli\u00e9 son enfant \u00e0 l\u2019int\u00e9rieur de la voiture, elle l\u2019a conduit en urgence vers l\u2019h\u00f4pital le plus proche. Mais il \u00e9tait d\u00e9j\u00e0 trop tard.<\/p>\n<p>Jusqu\u2019\u00e0 40 ans de prison<\/p>\n<p>L\u2019enqu\u00eate se poursuit pour d\u00e9terminer les circonstances pr\u00e9cises de ce drame.\u00a0L\u2019Am\u00e9ricaine, m\u00e8re deux enfants, a \u00e9t\u00e9 interpell\u00e9e le 3\u00a0novembre et incarc\u00e9r\u00e9e \u00e0 la prison du comt\u00e9 de Lee, indique le\u00a0bureau du sh\u00e9rif du comt\u00e9 de Lee dans un <a href=\"https:\/\/gbi.georgia.gov\/press-releases\/2025-11-05\/gbi-arrests-albany-woman-second-degree-murder-connection-death-seven\" target=\"_blank\" class=\"c-link c-link--is-underlined\" rel=\"noopener\">communiqu\u00e9<\/a>. Poursuivie pour meurtre au second degr\u00e9 et cruaut\u00e9 envers un enfant, elle risque jusqu\u2019\u00e0 40 ans de prison si elle est reconnue coupable.<\/p>\n<\/p>\n<p>En juillet, une\u00a0femme avait elle aussi \u00e9t\u00e9 <a href=\"https:\/\/www.20minutes.fr\/faits_divers\/4161714-20250703-etats-unis-mere-laisse-aller-travailler-fillette-meurt-voiture-surchauffee\" class=\"c-link c-link--is-underlined\" target=\"_blank\" rel=\"noopener\">arr\u00eat\u00e9e et plac\u00e9e en d\u00e9tention en\u00a0Californie\u00a0apr\u00e8s le d\u00e9c\u00e8s de son\u00a0b\u00e9b\u00e9\u00a0\u00e2g\u00e9 d\u2019un an dans de terribles circonstances<\/a>. Il est mort \u00e0 l\u2019h\u00f4pital apr\u00e8s avoir \u00e9t\u00e9 laiss\u00e9 dans une\u00a0voiture\u00a0en\u00a0plein soleil, en compagnie de son fr\u00e8re de deux ans qui, lui, a surv\u00e9cu. Leur m\u00e8re les avait laiss\u00e9s seuls dans le\u00a0v\u00e9hicule pour se rendre dans un institut de beaut\u00e9.<\/p>\n","protected":false},"excerpt":{"rendered":"Une jeune femme de 22 ans, originaire de l\u2019Etat de\u00a0G\u00e9orgie (Etats-Unis), a \u00e9t\u00e9 inculp\u00e9e d\u00e9but novembre apr\u00e8s le&hellip;\n","protected":false},"author":2,"featured_media":533613,"comment_status":"","ping_status":"","sticky":false,"template":"","format":"standard","meta":{"footnotes":""},"categories":[5],"tags":[47,11,3493,73,118,1011,27,14,74,12,806,28],"class_list":{"0":"post-533612","1":"post","2":"type-post","3":"status-publish","4":"format-standard","5":"has-post-thumbnail","7":"category-international","8":"tag-actualite","9":"tag-actualites","10":"tag-bebe","11":"tag-etats-unis","12":"tag-faits-divers","13":"tag-fr","14":"tag-france","15":"tag-international","16":"tag-monde","17":"tag-news","18":"tag-prison","19":"tag-world"},"share_on_mastodon":{"url":"https:\/\/pubeurope.com\/@fr\/115548020045346427","error":""},"_links":{"self":[{"href":"https:\/\/www.europesays.com\/fr\/wp-json\/wp\/v2\/posts\/533612","targetHints":{"allow":["GET"]}}],"collection":[{"href":"https:\/\/www.europesays.com\/fr\/wp-json\/wp\/v2\/posts"}],"about":[{"href":"https:\/\/www.europesays.com\/fr\/wp-json\/wp\/v2\/types\/post"}],"author":[{"embeddable":true,"href":"https:\/\/www.europesays.com\/fr\/wp-json\/wp\/v2\/users\/2"}],"replies":[{"embeddable":true,"href":"https:\/\/www.europesays.com\/fr\/wp-json\/wp\/v2\/comments?post=533612"}],"version-history":[{"count":0,"href":"https:\/\/www.europesays.com\/fr\/wp-json\/wp\/v2\/posts\/533612\/revisions"}],"wp:featuredmedia":[{"embeddable":true,"href":"https:\/\/www.europesays.com\/fr\/wp-json\/wp\/v2\/media\/533613"}],"wp:attachment":[{"href":"https:\/\/www.europesays.com\/fr\/wp-json\/wp\/v2\/media?parent=533612"}],"wp:term":[{"taxonomy":"category","embeddable":true,"href":"https:\/\/www.europesays.com\/fr\/wp-json\/wp\/v2\/categories?post=533612"},{"taxonomy":"post_tag","embeddable":true,"href":"https:\/\/www.europesays.com\/fr\/wp-json\/wp\/v2\/tags?post=533612"}],"curies":[{"name":"wp","href":"https:\/\/api.w.org\/{rel}","templated":true}]}}