{"id":533614,"date":"2025-11-14T12:20:12","date_gmt":"2025-11-14T12:20:12","guid":{"rendered":"https:\/\/www.europesays.com\/fr\/533614\/"},"modified":"2025-11-14T12:20:12","modified_gmt":"2025-11-14T12:20:12","slug":"le-patron-du-bhv-frederic-merlin-annonce-le-report-de-louverture-des-cinq-magasins-shein-en-region","status":"publish","type":"post","link":"https:\/\/www.europesays.com\/fr\/533614\/","title":{"rendered":"Le patron du BHV Fr\u00e9d\u00e9ric Merlin annonce le report de l\u2019ouverture des cinq magasins Shein en r\u00e9gion"},"content":{"rendered":"<p>\n    Le patron du grand magasin souhaitait r\u00e9pliquer son coup d\u2019\u00e9clat parisien en implantant la marque d\u2019ultra fast fashion dans ses sites de Dijon, Reims, Grenoble, Angers et Limoges.<\/p>\n<p class=\"fig-paragraph\">Le patron du BHV Fr\u00e9d\u00e9ric Merlin a annonc\u00e9 ce vendredi 14 novembre le report de l\u2019ouverture des magasins Shein dans ses locaux en province, sans donner de nouvelle date. Apr\u00e8s avoir fait pol\u00e9mique en\u00a0<a href=\"http:\/\/www.lefigaro.fr\/conso\/malgre-les-polemiques-shein-ouvrira-mercredi-son-magasin-au-bhv-a-paris-20251031\" data-fig-type=\"NewsFlash\" data-gtm-custom-categorie=\"navigation\" data-gtm-custom-action=\"crossclick\" data-gtm-custom-label=\"Contextuel\" data-gtm-event=\"customEventSPE\" data-fig-domain=\"LEFIGARO\" target=\"_blank\" rel=\"noopener\">faisant entrer la marque chinoise d\u2019ultra fast fashion dans le grand magasin parisien<\/a>\u00a0d\u00e9but novembre, il souhaitait implanter celle-ci dans cinq Galeries Lafayette qu\u2019il g\u00e8re en r\u00e9gion, qui vont \u00eatre renomm\u00e9es BHV. L\u2019ouverture \u00e9tait initialement pr\u00e9vue le 18 novembre \u00e0 Dijon et Reims et le 21 novembre \u00e0 Grenoble. Aucune date n\u2019\u00e9tait fix\u00e9e pour Angers et Limoges.<\/p>\n<p class=\"fig-paragraph\">\u00abOn a un flux monstrueux dans notre magasin [\u00e0 Paris], il faut que nos \u00e9quipes soient capables de g\u00e9rer ce flux\u00bb, a expliqu\u00e9 Fr\u00e9d\u00e9ric Merlin\u00a0<a href=\"https:\/\/www.bfmtv.com\/economie\/entreprises\/ils-devaient-ouvrir-la-semaine-prochaine-le-proprietaire-du-bhv-annonce-que-l-ouverture-des-magasins-shein-est-reportee-de-quelques-jours-ou-de-quelques-semaines_AV-202511140522.html?at_brand=BFMTV&amp;at_compte=BFMTV&amp;at_plateforme=twitter&amp;at_campaign=Fan_pages&amp;at_medium=Community_Management\" target=\"_blank\" rel=\"sponsored noopener\" data-gtm-custom-categorie=\"navigation\" data-gtm-custom-action=\"crossclick\" data-gtm-custom-label=\"Contextuel\" data-gtm-event=\"customEventSPE\">sur BFMTV<\/a>. Le patron du BHV a \u00e9galement reconnu devoir \u00abadapter l\u2019offre\u00bb et \u00abla politique de prix\u00bb, alors que les premiers clients s\u2019\u00e9taient \u00e9tonn\u00e9s de trouver des articles plus chers qu\u2019en ligne. Les BHV o\u00f9 Shein doit s\u2019installer \u00absont sans doute trop petits\u00bb, a-t-il par ailleurs soulign\u00e9, tout en assurant que ces ouvertures ne seraient report\u00e9es que \u00abde quelques jours ou de quelques semaines\u00bb.<\/p>\n<p>                                    <a class=\"fig-a11y-skip a11y-hidden\" href=\"#fig-a11y-skip-main-inarticle\"><br \/>\n        Passer la publicit\u00e9<br \/>\n    <\/a><\/p>\n<p>La marketplace Shein suspendue<\/p>\n<p class=\"fig-paragraph\">L\u2019implantation de Shein au BHV de Paris,\u00a0<a href=\"http:\/\/www.lefigaro.fr\/economie\/le-bhv-joue-son-va-tout-avec-l-arrivee-de-shein-20251104\" data-fig-type=\"Article\" data-gtm-custom-categorie=\"navigation\" data-gtm-custom-action=\"crossclick\" data-gtm-custom-label=\"Contextuel\" data-gtm-event=\"customEventSPE\" data-fig-domain=\"LEFIGARO\" target=\"_blank\" rel=\"noopener\">pens\u00e9e comme une solution \u00e0 la crise que traverse le grand magasin<\/a>, a provoqu\u00e9 le d\u00e9part de plusieurs marques (Dior, Guerlain, Sandro&#8230;), d\u2019autres \u00e9tant \u00e9galement parties pour cause d\u2019impay\u00e9s. L\u2019ouverture \u00e0 Paris s\u2019est d\u00e9roul\u00e9e en plein scandale apr\u00e8s la vente en ligne sur la plateforme de Shein de poup\u00e9es sexuelles ressemblant \u00e0 des fillettes, ainsi que des armes de cat\u00e9gorie A.<\/p>\n<p class=\"fig-paragraph\">Apr\u00e8s avoir supprim\u00e9 de son site tous les produits illicites, Shein a \u00e9chapp\u00e9 \u00e0 une suspension en France, mais reste sous le coup de proc\u00e9dures judiciaires. La plateforme d\u2019e-commerce chinoise a toutefois d\u00fb suspendre sa marketplace, o\u00f9 des vendeurs tiers commercialisent divers produits autres que des v\u00eatements. Fr\u00e9d\u00e9ric Merlin assure pourtant que, malgr\u00e9 les pol\u00e9miques, l\u2019op\u00e9ration est un succ\u00e8s, et que Shein r\u00e9alise d\u00e9j\u00e0 50% du chiffre d\u2019affaires de la mode traditionnelle au BHV.<\/p>\n","protected":false},"excerpt":{"rendered":"Le patron du grand magasin souhaitait r\u00e9pliquer son coup d\u2019\u00e9clat parisien en implantant la marque d\u2019ultra fast fashion&hellip;\n","protected":false},"author":2,"featured_media":533615,"comment_status":"","ping_status":"","sticky":false,"template":"","format":"standard","meta":{"footnotes":""},"categories":[4],"tags":[11,215,1011,27,12,25,1104],"class_list":{"0":"post-533614","1":"post","2":"type-post","3":"status-publish","4":"format-standard","5":"has-post-thumbnail","7":"category-france","8":"tag-actualites","9":"tag-commerce","10":"tag-fr","11":"tag-france","12":"tag-news","13":"tag-republique-francaise","14":"tag-shein"},"share_on_mastodon":{"url":"https:\/\/pubeurope.com\/@fr\/115548024024610906","error":""},"_links":{"self":[{"href":"https:\/\/www.europesays.com\/fr\/wp-json\/wp\/v2\/posts\/533614","targetHints":{"allow":["GET"]}}],"collection":[{"href":"https:\/\/www.europesays.com\/fr\/wp-json\/wp\/v2\/posts"}],"about":[{"href":"https:\/\/www.europesays.com\/fr\/wp-json\/wp\/v2\/types\/post"}],"author":[{"embeddable":true,"href":"https:\/\/www.europesays.com\/fr\/wp-json\/wp\/v2\/users\/2"}],"replies":[{"embeddable":true,"href":"https:\/\/www.europesays.com\/fr\/wp-json\/wp\/v2\/comments?post=533614"}],"version-history":[{"count":0,"href":"https:\/\/www.europesays.com\/fr\/wp-json\/wp\/v2\/posts\/533614\/revisions"}],"wp:featuredmedia":[{"embeddable":true,"href":"https:\/\/www.europesays.com\/fr\/wp-json\/wp\/v2\/media\/533615"}],"wp:attachment":[{"href":"https:\/\/www.europesays.com\/fr\/wp-json\/wp\/v2\/media?parent=533614"}],"wp:term":[{"taxonomy":"category","embeddable":true,"href":"https:\/\/www.europesays.com\/fr\/wp-json\/wp\/v2\/categories?post=533614"},{"taxonomy":"post_tag","embeddable":true,"href":"https:\/\/www.europesays.com\/fr\/wp-json\/wp\/v2\/tags?post=533614"}],"curies":[{"name":"wp","href":"https:\/\/api.w.org\/{rel}","templated":true}]}}