{"id":533617,"date":"2025-11-14T12:22:12","date_gmt":"2025-11-14T12:22:12","guid":{"rendered":"https:\/\/www.europesays.com\/fr\/533617\/"},"modified":"2025-11-14T12:22:12","modified_gmt":"2025-11-14T12:22:12","slug":"le-duo-terrenoire-avec-feu-chatterton-au-zenith-en-mai-2026","status":"publish","type":"post","link":"https:\/\/www.europesays.com\/fr\/533617\/","title":{"rendered":"le duo Terrenoire avec Feu\u00a0! Chatterton au Z\u00e9nith en mai 2026"},"content":{"rendered":"<p>Les organisateurs de Paroles &amp; Musiques d\u00e9voilent peu \u00e0 peu les noms de la 35 e \u00e9dition qui aura lieu du 18 au 24\u00a0mai 2026 dans plusieurs salles de la ville-pr\u00e9fecture. Et on sait d\u00e9j\u00e0 que la date du dimanche 24\u00a0mai 2026 sera chaude au Z\u00e9nith de Saint-\u00c9tienne.<\/p>\n<p>Apr\u00e8s avoir annonc\u00e9 <a href=\"https:\/\/www.leprogres.fr\/culture-loisirs\/2025\/10\/29\/paroles-musiques-feu-chatterton-sur-la-scene-du-zenith-le-24-mai-2026\" target=\"_blank\" rel=\"nofollow noopener\">la venue de Feu ! Chatterton il y a quinze jours<\/a>, le festival vient de sortir le nom de Terrenoire pour cette m\u00eame date. Th\u00e9o et Rapha\u00ebl Herrerias reviendront \u00e0 Paroles &amp; Musiques trois ans apr\u00e8s leur dernier passage (en 2023, ils avaient donn\u00e9 une lecture musicale \u00e0 la chapelle de la presqu\u2018\u00eele du Ch\u00e2telet dans les Gorges de la Loire). Cette fois, les deux frangins st\u00e9phanois partageront donc la sc\u00e8ne et la soir\u00e9e dans la plus grande salle du d\u00e9partement <a href=\"https:\/\/www.leprogres.fr\/culture-loisirs\/2025\/10\/29\/paroles-musiques-feu-chatterton-sur-la-scene-du-zenith-le-24-mai-2026\" target=\"_blank\" rel=\"nofollow noopener\">avec le groupe emmen\u00e9 par Arthur Teboul<\/a>.<\/p>\n<p>  D\u00e9j\u00e0 deux autres dates compl\u00e8tes dans la Loire<\/p>\n<p><a href=\"https:\/\/www.leprogres.fr\/culture-loisirs\/2025\/01\/23\/nouvel-album-de-terrenoire-on-a-hate-de-communier-avec-tous-les-stephanois\" target=\"_blank\" rel=\"nofollow noopener\">Forts de leur nouvel album, <\/a><a href=\"https:\/\/www.leprogres.fr\/culture-loisirs\/2025\/01\/23\/nouvel-album-de-terrenoire-on-a-hate-de-communier-avec-tous-les-stephanois\" target=\"_blank\" rel=\"nofollow noopener\">prot\u00e9g\u00e9.e<\/a> , sorti en d\u00e9but d\u2019ann\u00e9e, les Terrenoire se produiront \u00e9galement au FIL (Saint-\u00c9tienne) ce samedi soir ainsi qu\u2019\u00e0 l\u2019espace Guy-Poirieux de Montbrison, le 15\u00a0janvier 2026, dans le cadre du festival Poly\u2019Sons (les deux dates sont compl\u00e8tes).<\/p>\n<p>Les vainqueurs 2022 de la Victoire de la musique dans la cat\u00e9gorie <a href=\"https:\/\/www.leprogres.fr\/culture-loisirs\/2022\/02\/11\/victoires-de-la-musique-terrenoire-sacre-revelation-masculine\" target=\"_blank\" rel=\"nofollow noopener\">R\u00e9v\u00e9lation masculine<\/a> \u00ab\u00a0travaillent leur musique comme une terre sensible et \u00e9ruptive, faite de textures \u00e9lectroniques et organiques, de paroles comme des indices, \u00e0 la fois directs et subtils, et de m\u00e9lodies qui hantent longtemps\u00a0\u00bb, selon les organisateurs.<\/p>\n<p>La billetterie pour la soir\u00e9e Feu\u00a0! Chatterton +\u00a0Terrenoire le 24 mai 2026 est d\u00e9j\u00e0 ouverte (de 39 \u00e0 59\u00a0euros).<\/p>\n<p class=\"note\">Feu\u00a0! Chatterton +\u00a0Terrenoire, dimanche 24\u00a0mai (\u00e0 18 heures), au Z\u00e9nith de Saint-\u00c9tienne. Tarifs\u00a0: de 39 \u00e0 59\u00a0euros. Billetterie sur www.festivalpm.com.<\/p>\n","protected":false},"excerpt":{"rendered":"Les organisateurs de Paroles &amp; Musiques d\u00e9voilent peu \u00e0 peu les noms de la 35 e \u00e9dition qui&hellip;\n","protected":false},"author":2,"featured_media":533618,"comment_status":"","ping_status":"","sticky":false,"template":"","format":"standard","meta":{"footnotes":""},"categories":[9653],"tags":[1111,11,2430,1687,7539,1777,674,1011,27,3367,873,12,25,4001,7538,3140],"class_list":{"0":"post-533617","1":"post","2":"type-post","3":"status-publish","4":"format-standard","5":"has-post-thumbnail","7":"category-saint-etienne","8":"tag-actu","9":"tag-actualites","10":"tag-auvergne-rhone-alpes","11":"tag-culture-loisirs","12":"tag-edition-loire-sud","13":"tag-eu","14":"tag-europe","15":"tag-fr","16":"tag-france","17":"tag-loire","18":"tag-musique","19":"tag-news","20":"tag-republique-francaise","21":"tag-saint-etienne","22":"tag-saint-etienne-ville","23":"tag-spectacle"},"share_on_mastodon":{"url":"https:\/\/pubeurope.com\/@fr\/115548031786005091","error":""},"_links":{"self":[{"href":"https:\/\/www.europesays.com\/fr\/wp-json\/wp\/v2\/posts\/533617","targetHints":{"allow":["GET"]}}],"collection":[{"href":"https:\/\/www.europesays.com\/fr\/wp-json\/wp\/v2\/posts"}],"about":[{"href":"https:\/\/www.europesays.com\/fr\/wp-json\/wp\/v2\/types\/post"}],"author":[{"embeddable":true,"href":"https:\/\/www.europesays.com\/fr\/wp-json\/wp\/v2\/users\/2"}],"replies":[{"embeddable":true,"href":"https:\/\/www.europesays.com\/fr\/wp-json\/wp\/v2\/comments?post=533617"}],"version-history":[{"count":0,"href":"https:\/\/www.europesays.com\/fr\/wp-json\/wp\/v2\/posts\/533617\/revisions"}],"wp:featuredmedia":[{"embeddable":true,"href":"https:\/\/www.europesays.com\/fr\/wp-json\/wp\/v2\/media\/533618"}],"wp:attachment":[{"href":"https:\/\/www.europesays.com\/fr\/wp-json\/wp\/v2\/media?parent=533617"}],"wp:term":[{"taxonomy":"category","embeddable":true,"href":"https:\/\/www.europesays.com\/fr\/wp-json\/wp\/v2\/categories?post=533617"},{"taxonomy":"post_tag","embeddable":true,"href":"https:\/\/www.europesays.com\/fr\/wp-json\/wp\/v2\/tags?post=533617"}],"curies":[{"name":"wp","href":"https:\/\/api.w.org\/{rel}","templated":true}]}}