{"id":533632,"date":"2025-11-14T12:32:15","date_gmt":"2025-11-14T12:32:15","guid":{"rendered":"https:\/\/www.europesays.com\/fr\/533632\/"},"modified":"2025-11-14T12:32:15","modified_gmt":"2025-11-14T12:32:15","slug":"le-grand-rendez-vous-equestre-fait-son-retour-a-rouen-du-20-au-23-novembre","status":"publish","type":"post","link":"https:\/\/www.europesays.com\/fr\/533632\/","title":{"rendered":"le grand rendez-vous \u00e9questre fait son retour \u00e0 Rouen du 20 au 23\u00a0novembre"},"content":{"rendered":"<p melodystyle=\"texte\">Le rendez-vous\u00a0\u00e9questre phare de Normandie revient les 20, 21, 22 et 23 novembre au Parc des Expositions \u00e0 Rouen. Chaque ann\u00e9e, Equi Seine\u00a0rassemble les passionn\u00e9s et professionnels du cheval pour partager des journ\u00e9es anim\u00e9es de comp\u00e9titions, de shows et d&rsquo;activit\u00e9s vari\u00e9es.<\/p>\n<p>Un show exceptionnel\u00a0le samedi soir<\/p>\n<p melodystyle=\"texte\">Le moment phare du week-end, c&rsquo;est le Cross Indoor qui est de retour pour une 4e \u00e9dition samedi 22 novembre \u00e0 21h. Au programme : un parcours impressionnant de 18 obstacles fixes, un rythme intense, et la pr\u00e9sence de grands cavaliers comme Nicolas Astier, Karim Laghouag, Tom Carlile, Luc Ch\u00e2teau, Camille Lejeune et bien d&rsquo;autres. Un show sportif \u00e0 ne pas manquer !<\/p>\n<p>Des espaces pour tous les publics<\/p>\n<p melodystyle=\"texte\">Sur place, les visiteurs pourront profiter du salon normand du cheval proposant \u00e9quipements et mat\u00e9riel pour le cheval ou le cavalier ainsi que du salon des m\u00e9tiers du cheval &amp; de la fili\u00e8re \u00e9quine o\u00f9 des professionnels passionn\u00e9s seront pr\u00e9sents pour r\u00e9pondre aux questions, partager leur expertise et pr\u00e9senter les formations sp\u00e9cialis\u00e9es accessibles aux jeunes, aux adultes en reconversion ou \u00e0 tout passionn\u00e9 souhaitant s&rsquo;investir dans la fili\u00e8re. Il y aura \u00e9galement un village p\u00e9dagogique avec des ateliers et des initiations pour plus de 400 enfants et pour des publics fragiles.\u00a0Chacun pourra d\u00e9couvrir l&rsquo;animal et apprendre \u00e0 s&rsquo;en occuper.<\/p>\n<p>Une sortie familiale, conviviale et passionnante<\/p>\n<p melodystyle=\"texte\">Animations, d\u00e9couvertes, shopping, spectacles : cette nouvelle \u00e9dition d&rsquo;Equi Seine\u00a0promet quatre jours riches en \u00e9motions au c\u0153ur de la fili\u00e8re \u00e9quine.\u00a0Lydie Pettinotti, charg\u00e9e de communication, nous\u00a0d\u00e9taille l&rsquo;\u00e9v\u00e9nement.<\/p>\n<p>\u00c9qui SeineImpossible de lire le son. \t\t\t\t\t\t<\/p>\n","protected":false},"excerpt":{"rendered":"Le rendez-vous\u00a0\u00e9questre phare de Normandie revient les 20, 21, 22 et 23 novembre au Parc des Expositions \u00e0&hellip;\n","protected":false},"author":2,"featured_media":533633,"comment_status":"","ping_status":"","sticky":false,"template":"","format":"standard","meta":{"footnotes":""},"categories":[9587],"tags":[1111,11,1777,674,1011,27,12,5161,25,9590],"class_list":{"0":"post-533632","1":"post","2":"type-post","3":"status-publish","4":"format-standard","5":"has-post-thumbnail","7":"category-rouen","8":"tag-actu","9":"tag-actualites","10":"tag-eu","11":"tag-europe","12":"tag-fr","13":"tag-france","14":"tag-news","15":"tag-normandie","16":"tag-republique-francaise","17":"tag-rouen"},"share_on_mastodon":{"url":"https:\/\/pubeurope.com\/@fr\/115548071421326907","error":""},"_links":{"self":[{"href":"https:\/\/www.europesays.com\/fr\/wp-json\/wp\/v2\/posts\/533632","targetHints":{"allow":["GET"]}}],"collection":[{"href":"https:\/\/www.europesays.com\/fr\/wp-json\/wp\/v2\/posts"}],"about":[{"href":"https:\/\/www.europesays.com\/fr\/wp-json\/wp\/v2\/types\/post"}],"author":[{"embeddable":true,"href":"https:\/\/www.europesays.com\/fr\/wp-json\/wp\/v2\/users\/2"}],"replies":[{"embeddable":true,"href":"https:\/\/www.europesays.com\/fr\/wp-json\/wp\/v2\/comments?post=533632"}],"version-history":[{"count":0,"href":"https:\/\/www.europesays.com\/fr\/wp-json\/wp\/v2\/posts\/533632\/revisions"}],"wp:featuredmedia":[{"embeddable":true,"href":"https:\/\/www.europesays.com\/fr\/wp-json\/wp\/v2\/media\/533633"}],"wp:attachment":[{"href":"https:\/\/www.europesays.com\/fr\/wp-json\/wp\/v2\/media?parent=533632"}],"wp:term":[{"taxonomy":"category","embeddable":true,"href":"https:\/\/www.europesays.com\/fr\/wp-json\/wp\/v2\/categories?post=533632"},{"taxonomy":"post_tag","embeddable":true,"href":"https:\/\/www.europesays.com\/fr\/wp-json\/wp\/v2\/tags?post=533632"}],"curies":[{"name":"wp","href":"https:\/\/api.w.org\/{rel}","templated":true}]}}