{"id":533636,"date":"2025-11-14T12:38:12","date_gmt":"2025-11-14T12:38:12","guid":{"rendered":"https:\/\/www.europesays.com\/fr\/533636\/"},"modified":"2025-11-14T12:38:12","modified_gmt":"2025-11-14T12:38:12","slug":"shein-grenoble-dijon-le-patron-du-bhv-annonce-le-report-de-louverture-des-cinq-boutiques-en-region","status":"publish","type":"post","link":"https:\/\/www.europesays.com\/fr\/533636\/","title":{"rendered":"Shein : Grenoble, Dijon\u2026 Le patron du BHV annonce le report de l\u2019ouverture des cinq boutiques en r\u00e9gion"},"content":{"rendered":"<p class=\"mb-4 text-lg md:leading-8 break-words\"><strong>Report &#8211; Le groupe SGM annonce le report de l\u2019ouverture de cinq magasins Shein en r\u00e9gion (Dijon, Reims, Grenoble, Angers et Limoges) initialement pr\u00e9vue entre le 18\u00a0novembre et d\u00e9but d\u00e9cembre, sans nouvelle date fix\u00e9e<\/strong><\/p>\n<p class=\"mb-4 text-lg md:leading-8 break-words\">Apr\u00e8s <a href=\"https:\/\/www.20minutes.fr\/paris\/?at_medium=RSS%20feed&amp;at_campaign=ynews&amp;utm_source=yahoo&amp;utm_medium=rss&amp;utm_campaign=news_feed&amp;utm_content=in_article_link\" rel=\"nofollow noopener\" target=\"_blank\" data-ylk=\"slk:Paris;elm:context_link;itc:0;sec:content-canvas\" class=\"link \">Paris<\/a> le 5\u00a0novembre, Shein devait s\u2019installer le 18\u00a0novembre \u00e0 <a href=\"https:\/\/www.20minutes.fr\/dossier\/dijon?at_medium=RSS%20feed&amp;at_campaign=ynews&amp;utm_source=yahoo&amp;utm_medium=rss&amp;utm_campaign=news_feed&amp;utm_content=in_article_link\" rel=\"nofollow noopener\" target=\"_blank\" data-ylk=\"slk:Dijon;elm:context_link;itc:0;sec:content-canvas\" class=\"link \">Dijon<\/a> et <a href=\"https:\/\/www.20minutes.fr\/dossier\/reims?at_medium=RSS%20feed&amp;at_campaign=ynews&amp;utm_source=yahoo&amp;utm_medium=rss&amp;utm_campaign=news_feed&amp;utm_content=in_article_link\" rel=\"nofollow noopener\" target=\"_blank\" data-ylk=\"slk:Reims;elm:context_link;itc:0;sec:content-canvas\" class=\"link \">Reims<\/a> et le 21\u00a0novembre \u00e0 Grenoble. Deux autres points de vente, \u00e0 Angers et Limoges, devraient suivre d\u00e9but d\u00e9cembre. Mais ce vendredi, le patron du groupe SGM, auquel appartient le BHV, Fr\u00e9d\u00e9ric Merlin, annonce sur <a href=\"https:\/\/www.bfmtv.com\/economie\/entreprises\/ils-devaient-ouvrir-la-semaine-prochaine-le-proprietaire-du-bhv-annonce-que-l-ouverture-des-magasins-shein-est-reportee-de-quelques-jours-ou-de-quelques-semaines_AV-202511140522.html?at_medium=RSS%20feed&amp;at_campaign=ynews&amp;utm_source=yahoo&amp;utm_medium=rss&amp;utm_campaign=news_feed&amp;utm_content=in_article_link\" rel=\"nofollow noopener\" target=\"_blank\" data-ylk=\"slk:BFMTV;elm:context_link;itc:0;sec:content-canvas\" class=\"link \">BFMTV<\/a> le report de l\u2019ouverture des cinq magasins en r\u00e9gion, sans nouvelle date.<\/p>\n<p class=\"mb-4 text-lg md:leading-8 break-words\">\u00ab\u00a0Il faut que nos \u00e9quipes soient capables de g\u00e9rer [le] flux [de nouveaux clients], il faut qu\u2019on adapte l\u2019offre, il faut qu\u2019on adapte la politique de prix\u00a0\u00bb, justifie-t-il pour expliquer ce report. Il serait de \u00ab\u00a0quelques jours ou de quelques semaines\u00a0\u00bb.<\/p>\n<p class=\"mb-4 text-lg md:leading-8 break-words\">Lors de sa premi\u00e8re demi-semaine d\u2019ouverture, entre mercredi et dimanche, 50.000 personnes se sont bouscul\u00e9es dans les trav\u00e9es du premier magasin physique p\u00e9renne au monde de la marque, selon la SGM. Mais l\u2019enseigne asiatique bas\u00e9e \u00e0 Singapour est dans le viseur des autorit\u00e9s fran\u00e7aises, apr\u00e8s le scandale de la vente de poup\u00e9es p\u00e9dopornographiques et d\u2019armes de cat\u00e9gorie A, sur sa marketplace en ligne.<\/p>\n<p class=\"mb-4 text-lg md:leading-8 break-words\">Les implantations r\u00e9gionales de Shein devaient s\u2019effectuer dans des magasins r\u00e9cemment exploit\u00e9s par la SGM et anciennement sous l\u2019enseigne Galeries Lafayette. Ces \u00e9tablissements seront prochainement rebaptis\u00e9s BHV, apr\u00e8s la rupture du contrat liant \u00e0 la SGM le groupe Galeries Lafayette, ce dernier refusant d\u00e9sormais toute association avec Shein.<\/p>\n<p>La demande de suspension de Shein examin\u00e9e le 26\u00a0novembre<\/p>\n<p class=\"mb-4 text-lg md:leading-8 break-words\">Si elle draine depuis le 5\u00a0novembre une foule importan(&#8230;)<\/p>\n<p class=\"mb-4 text-lg md:leading-8 break-words\"><a href=\"https:\/\/www.20minutes.fr\/economie\/4185632-20251114-shein-grenoble-dijon-patron-bhv-annonce-report-ouverture-cinq-boutiques-region?at_medium=RSS%20feed&amp;at_campaign=ynews&amp;utm_source=yahoo&amp;utm_medium=rss&amp;utm_campaign=news_feed&amp;utm_content=read_more_link&quot;\" rel=\"nofollow noopener\" target=\"_blank\" data-ylk=\"slk:Lire la suite sur 20minutes;elm:context_link;itc:0;sec:content-canvas\" class=\"link \">Lire la suite sur 20minutes<\/a><\/p>\n<p>\u00c0 lire aussi :<br \/><a href=\"https:\/\/www.20minutes.fr\/economie\/4176504-20251001-textile-shein-annonce-ouverture-magasins-perennes-france-premiere-mondiale?at_medium=RSS%20feed&amp;at_campaign=ynews&amp;utm_source=yahoo&amp;utm_medium=rss&amp;utm_campaign=news_feed&amp;utm_content=related_content_link\" rel=\"nofollow noopener\" target=\"_blank\" data-ylk=\"slk:Shein annonce l\u2019ouverture de magasins p\u00e9rennes en France, les Galeries Lafayette annoncent \u00ab\u00a0refuser l\u2019installation\u00a0\u00bb;elm:context_link;itc:0;sec:content-canvas\" class=\"link \">Shein annonce l\u2019ouverture de magasins p\u00e9rennes en France, les Galeries Lafayette annoncent \u00ab\u00a0refuser l\u2019installation\u00a0\u00bb<\/a><br \/><a href=\"https:\/\/www.20minutes.fr\/societe\/4183869-20251105-suspension-ligne-ouverture-paris-nouveau-scandale-folle-journee-shein?at_medium=RSS%20feed&amp;at_campaign=ynews&amp;utm_source=yahoo&amp;utm_medium=rss&amp;utm_campaign=news_feed&amp;utm_content=related_content_link\" rel=\"nofollow noopener\" target=\"_blank\" data-ylk=\"slk:Suspension en ligne, ouverture \u00e0 Paris, nouveau scandale\u2026 La folle journ\u00e9e de Shein;elm:context_link;itc:0;sec:content-canvas\" class=\"link \">Suspension en ligne, ouverture \u00e0 Paris, nouveau scandale\u2026 La folle journ\u00e9e de Shein<\/a><\/p>\n","protected":false},"excerpt":{"rendered":"Report &#8211; Le groupe SGM annonce le report de l\u2019ouverture de cinq magasins Shein en r\u00e9gion (Dijon, Reims,&hellip;\n","protected":false},"author":2,"featured_media":533637,"comment_status":"","ping_status":"","sticky":false,"template":"","format":"standard","meta":{"footnotes":""},"categories":[9566],"tags":[1111,11,2430,65326,2930,1777,674,1011,27,4238,2731,5741,12,24384,25,1104],"class_list":{"0":"post-533636","1":"post","2":"type-post","3":"status-publish","4":"format-standard","5":"has-post-thumbnail","7":"category-grenoble","8":"tag-actu","9":"tag-actualites","10":"tag-auvergne-rhone-alpes","11":"tag-debut-decembre","12":"tag-dijon","13":"tag-eu","14":"tag-europe","15":"tag-fr","16":"tag-france","17":"tag-galeries-lafayette","18":"tag-grenoble","19":"tag-louverture","20":"tag-news","21":"tag-report","22":"tag-republique-francaise","23":"tag-shein"},"share_on_mastodon":{"url":"https:\/\/pubeurope.com\/@fr\/115548094783826368","error":""},"_links":{"self":[{"href":"https:\/\/www.europesays.com\/fr\/wp-json\/wp\/v2\/posts\/533636","targetHints":{"allow":["GET"]}}],"collection":[{"href":"https:\/\/www.europesays.com\/fr\/wp-json\/wp\/v2\/posts"}],"about":[{"href":"https:\/\/www.europesays.com\/fr\/wp-json\/wp\/v2\/types\/post"}],"author":[{"embeddable":true,"href":"https:\/\/www.europesays.com\/fr\/wp-json\/wp\/v2\/users\/2"}],"replies":[{"embeddable":true,"href":"https:\/\/www.europesays.com\/fr\/wp-json\/wp\/v2\/comments?post=533636"}],"version-history":[{"count":0,"href":"https:\/\/www.europesays.com\/fr\/wp-json\/wp\/v2\/posts\/533636\/revisions"}],"wp:featuredmedia":[{"embeddable":true,"href":"https:\/\/www.europesays.com\/fr\/wp-json\/wp\/v2\/media\/533637"}],"wp:attachment":[{"href":"https:\/\/www.europesays.com\/fr\/wp-json\/wp\/v2\/media?parent=533636"}],"wp:term":[{"taxonomy":"category","embeddable":true,"href":"https:\/\/www.europesays.com\/fr\/wp-json\/wp\/v2\/categories?post=533636"},{"taxonomy":"post_tag","embeddable":true,"href":"https:\/\/www.europesays.com\/fr\/wp-json\/wp\/v2\/tags?post=533636"}],"curies":[{"name":"wp","href":"https:\/\/api.w.org\/{rel}","templated":true}]}}