{"id":533638,"date":"2025-11-14T12:39:10","date_gmt":"2025-11-14T12:39:10","guid":{"rendered":"https:\/\/www.europesays.com\/fr\/533638\/"},"modified":"2025-11-14T12:39:10","modified_gmt":"2025-11-14T12:39:10","slug":"carte-meteo-des-temperatures-minimales-jusqua-15-c-au-dessus-des-normales-ce-matin","status":"publish","type":"post","link":"https:\/\/www.europesays.com\/fr\/533638\/","title":{"rendered":"CARTE. M\u00e9t\u00e9o\u00a0: des temp\u00e9ratures minimales jusqu\u2019\u00e0 15\u00a0\u00b0C au-dessus des normales ce matin"},"content":{"rendered":"<p>Dans de nombreuses r\u00e9gions, les temp\u00e9ratures \u00e9taient particuli\u00e8rement douces ce matin du vendredi 14\u00a0novembre 2025. \u00c0 Bergerac (Dordogne), le thermom\u00e8tre n\u2019est pas descendu plus bas que 19,5\u00a0\u00b0C dans la nuit de jeudi \u00e0 vendredi. \u00c0 Brive (Corr\u00e8ze), Albi (Tarn), Montauban (Tarn-et-Garonne), on n\u2019est pas non plus descendu sous les 19\u00a0\u00b0C.<\/p>\n<p>La douceur se fait aussi ressentir au-dessus de la Loire, avec des temp\u00e9ratures minimales vendredi matin de 16,8\u00a0\u00b0C \u00e0 Saint-Nazaire (Loire-Atlantique), 16,9\u00a0\u00b0C \u00e0 Angers (Maine-et-Loire), 15,3\u00a0\u00b0C \u00e0 Rennes (Ille-et-Vilaine), 14,9\u00a0\u00b0C \u00e0 Nancy (Meurthe-et-Moselle), 14,3\u00a0\u00b0C \u00e0 Paris-Montsouris, 13,7\u00a0\u00b0C \u00e0 Boulogne-sur-Mer (Pas-de-Calais).<\/p>\n<p>Ce sont des temp\u00e9ratures remarquables pour une mi-novembre, largement au-dessus des normales de saison.<\/p>\n<p>De 10 \u00e0 15\u00a0\u00b0C au-dessus des normales<\/p>\n<p>La carte ci-dessous pr\u00e9sente l\u2019\u00e9cart entre les temp\u00e9ratures minimales relev\u00e9es dans la nuit du 13 au 14\u00a0novembre 2025, et la normale des temp\u00e9ratures minimales de novembre sur la p\u00e9riode 1991-2020. Les donn\u00e9es proviennent de l\u2019open-data de M\u00e9t\u00e9o France, compil\u00e9e par <a href=\"https:\/\/www.meteociel.fr\/obs\/clim\/classement_normales_records.php?order=2&amp;&amp;mode=normales-temperatures-minimales&amp;all=0&amp;mois=11&amp;normes=2020&amp;normes2=0\" target=\"_self\" rel=\"noopener\">M\u00e9t\u00e9ociel.fr<\/a>.<\/p>\n<p>Dans une grande partie du pays, l\u2019\u00e9cart par rapport \u00e0 la normale est de plus de 10\u00a0\u00b0C\u00a0:<\/p>\n<\/p>\n<p>L\u2019\u00e9cart \u00e0 la normale le plus important a \u00e9t\u00e9 relev\u00e9 dans les stations de Brive et de Bergerac, avec 14,8\u00a0\u00b0C degr\u00e9s de plus que la normale de saison.<\/p>\n<p>Les temp\u00e9ratures ne sont rest\u00e9es proches des normales que dans un petit quart Sud-Est, et ne sont sous les normales que dans quelques stations des Alpes ou de Corse.<\/p>\n<p>Le retour du froid<\/p>\n<p>Ces temp\u00e9ratures douces sont favoris\u00e9es par <a href=\"https:\/\/rennes.maville.com\/actu\/actudet_-meteo.-l-episode-de-douceur-va-t-il-durer-en-france-_54135-7062122_actu.Htm\" target=\"_self\" rel=\"noopener\">des remont\u00e9es d\u2019air chaud venant d\u2019Espagne<\/a>. Depuis mercredi, des temp\u00e9ratures anormalement \u00e9lev\u00e9es pour une mi-novembre ont \u00e9t\u00e9 relev\u00e9es, en particulier dans le Sud-Ouest. Le 12\u00a0novembre, il a fait\u00a021\u00a0\u00b0C \u00e0 Marseille, 26\u00a0\u00b0C \u00e0 Tarbes et 27\u00a0\u00b0C \u00e0 Biarritz\u2026 Jeudi, les 21\u00a0\u00b0C ont \u00e9t\u00e9 atteints \u00e0 Bordeaux.<\/p>\n<p>Apr\u00e8s un week-end pluvieux, les temp\u00e9ratures devraient baisser \u00e0 partir de lundi, avec une arriv\u00e9e d\u2019air provenant d\u2019Islande. Et les temp\u00e9ratures devraient l\u00e0 descendre sous les normales de saison.<\/p>\n<p>\u00a0<\/p>\n","protected":false},"excerpt":{"rendered":"Dans de nombreuses r\u00e9gions, les temp\u00e9ratures \u00e9taient particuli\u00e8rement douces ce matin du vendredi 14\u00a0novembre 2025. \u00c0 Bergerac (Dordogne),&hellip;\n","protected":false},"author":2,"featured_media":533639,"comment_status":"","ping_status":"","sticky":false,"template":"","format":"standard","meta":{"footnotes":""},"categories":[2821],"tags":[11015,9284,1111,11,29779,829,11617,1777,674,1011,27,2867,4659,2487,65327,12,65328,584,25,13209],"class_list":{"0":"post-533638","1":"post","2":"type-post","3":"status-publish","4":"format-standard","5":"has-post-thumbnail","7":"category-rennes","8":"tag-c","9":"tag-9284","10":"tag-actu","11":"tag-actualites","12":"tag-au-dessus","13":"tag-bretagne","14":"tag-carte","15":"tag-eu","16":"tag-europe","17":"tag-fr","18":"tag-france","19":"tag-jusqu","20":"tag-matin","21":"tag-meteo","22":"tag-minimales","23":"tag-news","24":"tag-normales","25":"tag-rennes","26":"tag-republique-francaise","27":"tag-temperatures"},"share_on_mastodon":{"url":"https:\/\/pubeurope.com\/@fr\/115548098769640984","error":""},"_links":{"self":[{"href":"https:\/\/www.europesays.com\/fr\/wp-json\/wp\/v2\/posts\/533638","targetHints":{"allow":["GET"]}}],"collection":[{"href":"https:\/\/www.europesays.com\/fr\/wp-json\/wp\/v2\/posts"}],"about":[{"href":"https:\/\/www.europesays.com\/fr\/wp-json\/wp\/v2\/types\/post"}],"author":[{"embeddable":true,"href":"https:\/\/www.europesays.com\/fr\/wp-json\/wp\/v2\/users\/2"}],"replies":[{"embeddable":true,"href":"https:\/\/www.europesays.com\/fr\/wp-json\/wp\/v2\/comments?post=533638"}],"version-history":[{"count":0,"href":"https:\/\/www.europesays.com\/fr\/wp-json\/wp\/v2\/posts\/533638\/revisions"}],"wp:featuredmedia":[{"embeddable":true,"href":"https:\/\/www.europesays.com\/fr\/wp-json\/wp\/v2\/media\/533639"}],"wp:attachment":[{"href":"https:\/\/www.europesays.com\/fr\/wp-json\/wp\/v2\/media?parent=533638"}],"wp:term":[{"taxonomy":"category","embeddable":true,"href":"https:\/\/www.europesays.com\/fr\/wp-json\/wp\/v2\/categories?post=533638"},{"taxonomy":"post_tag","embeddable":true,"href":"https:\/\/www.europesays.com\/fr\/wp-json\/wp\/v2\/tags?post=533638"}],"curies":[{"name":"wp","href":"https:\/\/api.w.org\/{rel}","templated":true}]}}