{"id":533660,"date":"2025-11-14T12:51:12","date_gmt":"2025-11-14T12:51:12","guid":{"rendered":"https:\/\/www.europesays.com\/fr\/533660\/"},"modified":"2025-11-14T12:51:12","modified_gmt":"2025-11-14T12:51:12","slug":"pres-de-toulouse-le-chauffard-en-scooter-prend-tous-les-risques-et-percute-volontairement-les-policiers","status":"publish","type":"post","link":"https:\/\/www.europesays.com\/fr\/533660\/","title":{"rendered":"Pr\u00e8s de Toulouse, le chauffard en scooter prend tous les risques et percute volontairement les policiers"},"content":{"rendered":"<p>                    Par<br \/>\n        <strong><br \/>\n            <a href=\"https:\/\/actu.fr\/auteur\/lucie-2\" title=\"Consulter tous les articles de Lucie Fraisse\" rel=\"nofollow noopener\" target=\"_blank\">Lucie Fraisse<\/a><br \/>\n                    <\/strong><\/p>\n<p>        Publi\u00e9 le<\/p>\n<p>            14 nov. 2025 \u00e0 13h12        <\/p>\n<p>L\u2019affaire d\u00e9bute sur le boulevard Eug\u00e8ne-Montel, <a href=\"https:\/\/actu.fr\/occitanie\/colomiers_31149\" rel=\"nofollow noopener\" target=\"_blank\">\u00e0 Colomiers<\/a>, pr\u00e8s de <strong>Toulouse<\/strong>, jeudi 13 novembre 2025, en plein milieu de l\u2019apr\u00e8s-midi.<\/p>\n<p>    <a href=\"https:\/\/www.google.com\/maps\/embed?pb=!1m18!1m12!1m3!1d46220.04199041815!2d1.2833063217359963!3d43.6116920481404!2m3!1f0!2f0!3f0!3m2!1i1024!2i768!4f13.1!3m3!1m2!1s0x12aeb039dd7abc47%3A0x8010529b5660ae91!2s31770%20Colomiers!5e0!3m2!1sfr!2sfr!4v1763117713740!5m2!1sfr!2sfr\" title=\"Ouvrie le lien\" rel=\"nofollow noopener\" target=\"_blank\">Cliquez ici pour visualiser le contenu<\/a><\/p>\n<p>Il slalome entre les v\u00e9hicules<\/p>\n<p class=\" wall-content\">Les policiers remarquent un homme sur son scooter en train de hurler dans son t\u00e9l\u00e9phone. Visiblement tr\u00e8s \u00e9nerv\u00e9, l\u2019homme slalome entre les v\u00e9hicules et<strong> tente de donner des coups de pied dans les voitures<\/strong> qui croisent sa route.<\/p>\n<p>Il s\u2019engage sur le p\u00e9riph\u00e9rique<\/p>\n<p class=\" wall-content\">Les forces de l\u2019ordre d\u00e9cident alors de le contr\u00f4ler. Le chauffard refuse d\u2019obtemp\u00e9rer et s\u2019engage alors sur le p\u00e9riph\u00e9rique toulousain o\u00f9 <strong>il multiplie les infractions<\/strong>.<\/p>\n<p class=\" wall-content\">Au bout de dix minutes de ce r\u00e9gime, il <strong>percute volontairement<\/strong> une voiture de policiers, au niveau du rond-point Lagard\u00e8re, avant d\u2019entrer en collision avec un v\u00e9hicule de particulier.<\/p>\n<p>Vid\u00e9os : en ce moment sur ActuIl parvient \u00e0 prendre la fuite, plusieurs plaintes d\u00e9pos\u00e9es<\/p>\n<p class=\" wall-content\">Le chauffard \u00e0 scooter parvient cependant \u00e0 prendre la fuite.<\/p>\n<p class=\" wall-content\">Une polici\u00e8re a \u00e9t\u00e9 l\u00e9g\u00e8rement bless\u00e9e, deux de ses coll\u00e8gues se plaignent de douleurs cons\u00e9cutives aux collisions. Au total, trois<strong>\u00a0policiers vont d\u00e9poser plainte<\/strong>, tout comme le particulier percut\u00e9 par le chauffard.<\/p>\n<p class=\" wall-content\">Personnalisez votre actualit\u00e9 en ajoutant vos villes et m\u00e9dias en favori avec <a href=\"https:\/\/moncompte.actu.fr\" title=\"D\u00e9couvez Mon Actu\" rel=\"nofollow noopener\" data-trk=\"{&quot;cta&quot;:{&quot;action&quot;:&quot;https:\\\/\\\/moncompte.actu.fr&quot;,&quot;category&quot;:&quot;mon compte&quot;,&quot;from&quot;:&quot;article footer&quot;,&quot;name&quot;:&quot;Mon actu&quot;,&quot;type&quot;:&quot;cta&quot;}}\" target=\"_blank\">Mon Actu<\/a>.<\/p>\n","protected":false},"excerpt":{"rendered":"Par Lucie Fraisse Publi\u00e9 le 14 nov. 2025 \u00e0 13h12 L\u2019affaire d\u00e9bute sur le boulevard Eug\u00e8ne-Montel, \u00e0 Colomiers,&hellip;\n","protected":false},"author":2,"featured_media":533661,"comment_status":"","ping_status":"","sticky":false,"template":"","format":"standard","meta":{"footnotes":""},"categories":[2816],"tags":[1111,11,1777,674,118,1011,27,12,2680,1072,25,2312],"class_list":{"0":"post-533660","1":"post","2":"type-post","3":"status-publish","4":"format-standard","5":"has-post-thumbnail","7":"category-toulouse","8":"tag-actu","9":"tag-actualites","10":"tag-eu","11":"tag-europe","12":"tag-faits-divers","13":"tag-fr","14":"tag-france","15":"tag-news","16":"tag-occitanie","17":"tag-police","18":"tag-republique-francaise","19":"tag-toulouse"},"share_on_mastodon":{"url":"https:\/\/pubeurope.com\/@fr\/115548145876420091","error":""},"_links":{"self":[{"href":"https:\/\/www.europesays.com\/fr\/wp-json\/wp\/v2\/posts\/533660","targetHints":{"allow":["GET"]}}],"collection":[{"href":"https:\/\/www.europesays.com\/fr\/wp-json\/wp\/v2\/posts"}],"about":[{"href":"https:\/\/www.europesays.com\/fr\/wp-json\/wp\/v2\/types\/post"}],"author":[{"embeddable":true,"href":"https:\/\/www.europesays.com\/fr\/wp-json\/wp\/v2\/users\/2"}],"replies":[{"embeddable":true,"href":"https:\/\/www.europesays.com\/fr\/wp-json\/wp\/v2\/comments?post=533660"}],"version-history":[{"count":0,"href":"https:\/\/www.europesays.com\/fr\/wp-json\/wp\/v2\/posts\/533660\/revisions"}],"wp:featuredmedia":[{"embeddable":true,"href":"https:\/\/www.europesays.com\/fr\/wp-json\/wp\/v2\/media\/533661"}],"wp:attachment":[{"href":"https:\/\/www.europesays.com\/fr\/wp-json\/wp\/v2\/media?parent=533660"}],"wp:term":[{"taxonomy":"category","embeddable":true,"href":"https:\/\/www.europesays.com\/fr\/wp-json\/wp\/v2\/categories?post=533660"},{"taxonomy":"post_tag","embeddable":true,"href":"https:\/\/www.europesays.com\/fr\/wp-json\/wp\/v2\/tags?post=533660"}],"curies":[{"name":"wp","href":"https:\/\/api.w.org\/{rel}","templated":true}]}}