{"id":533683,"date":"2025-11-14T13:06:19","date_gmt":"2025-11-14T13:06:19","guid":{"rendered":"https:\/\/www.europesays.com\/fr\/533683\/"},"modified":"2025-11-14T13:06:19","modified_gmt":"2025-11-14T13:06:19","slug":"en-direct-ukraine-des-debris-de-drones-ukrainiens-ont-touche-une-centrale-nucleaire-russe-assure-moscou","status":"publish","type":"post","link":"https:\/\/www.europesays.com\/fr\/533683\/","title":{"rendered":"EN DIRECT &#8211; Ukraine : des d\u00e9bris de drones ukrainiens ont touch\u00e9 une centrale nucl\u00e9aire russe, assure Moscou"},"content":{"rendered":"<p>Il s\u2019agit de la 9e visite du pr\u00e9sident ukrainien en France depuis le d\u00e9but de la guerre en 2022. Cette venue sera organis\u00e9e autour de plusieurs temps forts, a appris le service international de TF1\/LCI.<\/p>\n<p>En d\u00e9but de matin\u00e9e, une rencontre suivie d\u2019un \u00e9change auront lieu entre Emmanuel Macron et Volodymyr Zelensky \u00e0 Villacoublay (Yvelines), pr\u00e8s de Paris, principalement autour du maintien de la coop\u00e9ration en mati\u00e8re de d\u00e9fense et d\u2019armement.\u00a0<\/p>\n<p>Parmi les enjeux : la modernisation de l\u2019arm\u00e9e ukrainienne, mais aussi le rapprochement avec les standards de l\u2019OTAN. La France compte notamment apporter son expertise en mati\u00e8re de d\u00e9fense du ciel, mais aussi sur la lutte anti-drones, et les questions d\u2019armement de mani\u00e8re plus g\u00e9n\u00e9rale.\u00a0<\/p>\n<p>Enfin, une conf\u00e9rence de presse commune ainsi qu\u2019un d\u00e9jeuner de travail auront lieu \u00e0 l\u2019\u00c9lys\u00e9e.<\/p>\n","protected":false},"excerpt":{"rendered":"Il s\u2019agit de la 9e visite du pr\u00e9sident ukrainien en France depuis le d\u00e9but de la guerre en&hellip;\n","protected":false},"author":2,"featured_media":144709,"comment_status":"","ping_status":"","sticky":false,"template":"","format":"standard","meta":{"footnotes":""},"categories":[1591],"tags":[1111,11,1921,1887,1922,12,1885,1886,132,220,1917,59253,364,133,1920,135,134],"class_list":{"0":"post-533683","1":"post","2":"type-post","3":"status-publish","4":"format-standard","5":"has-post-thumbnail","7":"category-russie","8":"tag-actu","9":"tag-actualites","10":"tag-article-video","11":"tag-federation-de-russie","12":"tag-info","13":"tag-news","14":"tag-russia","15":"tag-russian-federation","16":"tag-russie","17":"tag-ukraine","18":"tag-ukraine-4-annee-de-guerre","19":"tag-ukraine-russie-lespoir-de-negociations-au-point-mort","20":"tag-union-europeenne","21":"tag-video","22":"tag-video-international","23":"tag-vladimir-poutine","24":"tag-volodymyr-zelensky"},"share_on_mastodon":{"url":"https:\/\/pubeurope.com\/@fr\/115548204857512613","error":""},"_links":{"self":[{"href":"https:\/\/www.europesays.com\/fr\/wp-json\/wp\/v2\/posts\/533683","targetHints":{"allow":["GET"]}}],"collection":[{"href":"https:\/\/www.europesays.com\/fr\/wp-json\/wp\/v2\/posts"}],"about":[{"href":"https:\/\/www.europesays.com\/fr\/wp-json\/wp\/v2\/types\/post"}],"author":[{"embeddable":true,"href":"https:\/\/www.europesays.com\/fr\/wp-json\/wp\/v2\/users\/2"}],"replies":[{"embeddable":true,"href":"https:\/\/www.europesays.com\/fr\/wp-json\/wp\/v2\/comments?post=533683"}],"version-history":[{"count":0,"href":"https:\/\/www.europesays.com\/fr\/wp-json\/wp\/v2\/posts\/533683\/revisions"}],"wp:featuredmedia":[{"embeddable":true,"href":"https:\/\/www.europesays.com\/fr\/wp-json\/wp\/v2\/media\/144709"}],"wp:attachment":[{"href":"https:\/\/www.europesays.com\/fr\/wp-json\/wp\/v2\/media?parent=533683"}],"wp:term":[{"taxonomy":"category","embeddable":true,"href":"https:\/\/www.europesays.com\/fr\/wp-json\/wp\/v2\/categories?post=533683"},{"taxonomy":"post_tag","embeddable":true,"href":"https:\/\/www.europesays.com\/fr\/wp-json\/wp\/v2\/tags?post=533683"}],"curies":[{"name":"wp","href":"https:\/\/api.w.org\/{rel}","templated":true}]}}