{"id":533694,"date":"2025-11-14T13:12:17","date_gmt":"2025-11-14T13:12:17","guid":{"rendered":"https:\/\/www.europesays.com\/fr\/533694\/"},"modified":"2025-11-14T13:12:17","modified_gmt":"2025-11-14T13:12:17","slug":"la-georgie-reprime-lopposition-et-seloigne-de-lunion-europeenne","status":"publish","type":"post","link":"https:\/\/www.europesays.com\/fr\/533694\/","title":{"rendered":"La G\u00e9orgie r\u00e9prime l\u2019opposition et s\u2019\u00e9loigne de l\u2019Union europ\u00e9enne"},"content":{"rendered":"\n<p>Candidate officielle \u00e0 l\u2019Union europ\u00e9enne depuis 2023, la G\u00e9orgie semble d\u00e9sormais tourner le dos \u00e0 ses ambitions europ\u00e9ennes. Dans son dernier rapport d\u2019\u00e9largissement, publi\u00e9 le 4\u00a0novembre, la Commission europ\u00e9enne accuse Tbilissi de \u201cgraves reculs d\u00e9mocratiques\u201d et le qualifie de \u201ccandidat \u00e0 l\u2019UE seulement de nom\u201d. La G\u00e9orgie \u201cne dispose \u00e0 ce stade d\u2019aucune possibilit\u00e9 d\u2019adh\u00e9sion viable \u00e0 l\u2019Union europ\u00e9enne, tant que la situation ne change pas radicalement\u201d, tranche la pr\u00e9sidente de la diplomatie europ\u00e9enne, Kaja Kallas, <a href=\"https:\/\/civil.ge\/archives\/709989\" target=\"_blank\" rel=\"noopener\">cit\u00e9e par le m\u00e9dia ind\u00e9pendant g\u00e9orgien <strong>Civil Georgia<\/strong><\/a><strong>.<\/strong><\/p>\n<p>La Commission fustige des lois \u201cau caract\u00e8re r\u00e9pressif in\u00e9dit\u201d par ce pays candidat, et un discours de plus en plus hostile \u00e0 l\u2019Europe, \u201creprenant souvent les m\u00e9thodes de d\u00e9sinformation russes\u201d. Tbilissi n\u2019a d\u2019ailleurs pas \u00e9t\u00e9 invit\u00e9e au prochain Forum de l\u2019\u00e9largissement \u00e0 Bruxelles, pr\u00e9vu pour le 18\u00a0novembre prochain.<\/p>\n<p><a href=\"https:\/\/www.washingtonpost.com\/world\/2025\/11\/11\/georgia-elections-eu-russia-opposition\/\" target=\"_blank\" rel=\"noopener\">Selon <strong>The Washington Post<\/strong><\/a><strong>,<\/strong> cette rupture avec l\u2019Union europ\u00e9enne marque un tournant pour ce pays du Caucase du Sud, qui depuis la <a href=\"https:\/\/www.courrierinternational.com\/revue-de-presse\/2004\/05\/05\/la-revolution-des-roses-fleurit-en-adjarie\" target=\"_blank\" rel=\"noopener\">\u201cr\u00e9volution des roses\u201d en 2003<\/a> (mouvement populaire port\u00e9 par Mikhe\u00efl Saakachvili, au pouvoir de 2004\u00a0\u00e0 2013, dans un \u00e9lan proeurop\u00e9en), avait fait de l\u2019int\u00e9gration \u00e0 l\u2019Union europ\u00e9enne et \u00e0 l\u2019Otan une priorit\u00e9. M\u00eame apr\u00e8s <a href=\"https:\/\/www.courrierinternational.com\/breve\/2012\/10\/02\/l-opposition-victorieuse-aux-legislatives\" target=\"_blank\" rel=\"noopener\">l\u2019arriv\u00e9e au pouvoir du R\u00eave g\u00e9orgien en <\/a><\/p>\n","protected":false},"excerpt":{"rendered":"Candidate officielle \u00e0 l\u2019Union europ\u00e9enne depuis 2023, la G\u00e9orgie semble d\u00e9sormais tourner le dos \u00e0 ses ambitions europ\u00e9ennes.&hellip;\n","protected":false},"author":2,"featured_media":533695,"comment_status":"","ping_status":"","sticky":false,"template":"","format":"standard","meta":{"footnotes":""},"categories":[1586],"tags":[11,1777,674,1779,1011,27,36912,12,316,25,132,42136,1778,364,2475],"class_list":{"0":"post-533694","1":"post","2":"type-post","3":"status-publish","4":"format-standard","5":"has-post-thumbnail","7":"category-europe","8":"tag-actualites","9":"tag-eu","10":"tag-europe","11":"tag-european-union","12":"tag-fr","13":"tag-france","14":"tag-gu00e9orgie","15":"tag-news","16":"tag-politique","17":"tag-republique-francaise","18":"tag-russie","19":"tag-u00e9largissement-de-lunion-europu00e9enne","20":"tag-ue","21":"tag-union-europeenne","22":"tag-union-europu00e9enne"},"share_on_mastodon":{"url":"","error":""},"_links":{"self":[{"href":"https:\/\/www.europesays.com\/fr\/wp-json\/wp\/v2\/posts\/533694","targetHints":{"allow":["GET"]}}],"collection":[{"href":"https:\/\/www.europesays.com\/fr\/wp-json\/wp\/v2\/posts"}],"about":[{"href":"https:\/\/www.europesays.com\/fr\/wp-json\/wp\/v2\/types\/post"}],"author":[{"embeddable":true,"href":"https:\/\/www.europesays.com\/fr\/wp-json\/wp\/v2\/users\/2"}],"replies":[{"embeddable":true,"href":"https:\/\/www.europesays.com\/fr\/wp-json\/wp\/v2\/comments?post=533694"}],"version-history":[{"count":0,"href":"https:\/\/www.europesays.com\/fr\/wp-json\/wp\/v2\/posts\/533694\/revisions"}],"wp:featuredmedia":[{"embeddable":true,"href":"https:\/\/www.europesays.com\/fr\/wp-json\/wp\/v2\/media\/533695"}],"wp:attachment":[{"href":"https:\/\/www.europesays.com\/fr\/wp-json\/wp\/v2\/media?parent=533694"}],"wp:term":[{"taxonomy":"category","embeddable":true,"href":"https:\/\/www.europesays.com\/fr\/wp-json\/wp\/v2\/categories?post=533694"},{"taxonomy":"post_tag","embeddable":true,"href":"https:\/\/www.europesays.com\/fr\/wp-json\/wp\/v2\/tags?post=533694"}],"curies":[{"name":"wp","href":"https:\/\/api.w.org\/{rel}","templated":true}]}}