{"id":533714,"date":"2025-11-14T13:26:11","date_gmt":"2025-11-14T13:26:11","guid":{"rendered":"https:\/\/www.europesays.com\/fr\/533714\/"},"modified":"2025-11-14T13:26:11","modified_gmt":"2025-11-14T13:26:11","slug":"itineraire-de-cette-man-ray-au-feminin","status":"publish","type":"post","link":"https:\/\/www.europesays.com\/fr\/533714\/","title":{"rendered":"itin\u00e9raire de cette Man Ray au f\u00e9minin"},"content":{"rendered":"<p>\n    Cette amoureuse de la libert\u00e9, figure essentielle de la photographie, est le c\u0153ur de ce film, diffus\u00e9 sur France 5, m\u00ealant l\u2019aspect documentaire \u00e0 la fiction.<\/p>\n<p class=\"fig-paragraph\">La Man Ray au f\u00e9minin.\u00a0<a href=\"https:\/\/www.lefigaro.fr\/arts-expositions\/2015\/06\/10\/03015-20150610ARTFIG00226-germaine-krull-l-oeil-moderne.php\" target=\"_blank\" data-fig-type=\"Article\" rel=\"noopener\" data-gtm-custom-categorie=\"navigation\" data-gtm-custom-action=\"crossclick\" data-gtm-custom-label=\"Contextuel\" data-gtm-event=\"customEventSPE\" data-fig-domain=\"LEFIGARO\">Germaine Krull<\/a>\u00a0s\u2019est impos\u00e9e, au fil des ann\u00e9es, comme l\u2019une des plus grandes photographes du XXe si\u00e8cle. Pourtant, son nom reste quasi inconnu du grand public. Apr\u00e8s avoir couvert la Seconde Guerre mondiale, entre autres, elle a arr\u00eat\u00e9 la photographie et s\u2019est exil\u00e9e en Tha\u00eflande o\u00f9 elle a dirig\u00e9 un h\u00f4tel durant vingt ans.<\/p>\n<p class=\"fig-paragraph\">Entre fiction et documentaire, ce film diffus\u00e9 en deuxi\u00e8me partie sur\u00a0<a href=\"https:\/\/tvmag.lefigaro.fr\/programme-tv\/chaine\/47\/tous-les-programmes-de-france-5\" target=\"_blank\" rel=\"sponsored noopener\" data-gtm-custom-categorie=\"navigation\" data-gtm-custom-action=\"crossclick\" data-gtm-custom-label=\"Contextuel\" data-gtm-event=\"customEventSPE\">France 5<\/a>\u00a0retrace sa vie et les virages successifs qu\u2019elle a pris. \u00ab\u200aChaque fois que j\u2019ai tout abandonn\u00e9 dans ma vie pour faire autre chose, j\u2019ai pens\u00e9 \u00e0 mon p\u00e8re. La seule chose qu\u2019il m\u2019ait apprise, c\u2019est \u00e0 \u00eatre toujours libre d\u2019entreprendre ce que l\u2019on veut\u00a0\u00bb, d\u00e9clare-t-elle \u00e0 travers Imogen Kogge, la com\u00e9dienne allemande qui s\u2019est gliss\u00e9e dans la peau de la protagoniste et \u00ab\u200adont la gestuelle et le visage se m\u00ealent\u00a0\u00bb, selon la r\u00e9alisatrice, \u00ab\u200ade fa\u00e7on troublante aux repr\u00e9sentations de la photographe\u00a0\u00bb.<\/p>\n<p class=\"fig-body-link\">\n            \u00c0 lire aussi<br \/>\n        <a class=\"fig-body-link__link\" href=\"http:\/\/tvmag.lefigaro.fr\/diane-kruger-je-n-ai-pas-le-temps-d-etre-obsedee-par-mon-image-20251114\" target=\"_blank\" data-fig-type=\"Article\" rel=\"noopener\" data-gtm-custom-categorie=\"navigation\" data-gtm-custom-action=\"crossclick\" data-gtm-custom-label=\"Contextuel\" data-gtm-event=\"customEventSPE\" data-fig-domain=\"TVMAG\"><\/p>\n<p>        Diane Kruger\u00a0: \u00abJe n\u2019ai pas le temps d\u2019\u00eatre obs\u00e9d\u00e9e par mon image\u00bb<br \/>\n    <\/a>\n<\/p>\n<p>                                    <a class=\"fig-a11y-skip a11y-hidden\" href=\"#fig-a11y-skip-main-inarticle\"><br \/>\n        Passer la publicit\u00e9<br \/>\n    <\/a><\/p>\n<p class=\"fig-paragraph\">Ce r\u00e9cit de 60 minutes est \u00e9nonc\u00e9 \u00e0 la premi\u00e8re personne. Et si ce choix peut, de prime abord, d\u00e9sorienter, il tombe sous l\u2019\u00e9vidence tr\u00e8s rapidement. \u00ab\u200aAvec un personnage si libre, j\u2019ai insuffl\u00e9 une part de fiction au r\u00e9cit. Tout se passe le temps d\u2019une rencontre dans les ann\u00e9es 1950 avec un journaliste fascin\u00e9, presque amoureux, au bar de l\u2019H\u00f4tel Oriental de Bangkok\u00a0\u00bb, pr\u00e9cise la r\u00e9alisatrice Audrey Gordon. Elle ajoute\u00a0: \u00ab\u200a\u00c0 l\u2019occasion de cet entretien avec le journaliste fran\u00e7ais qui cherche \u00e0 comprendre pourquoi elle a disparu du champ de la photographie, Germaine Krull, exil\u00e9e, qui a laiss\u00e9 derri\u00e8re elle l\u2019Europe, ses photos, ses amoureux, se souvient de la libert\u00e9 folle qu\u2019il a fallu pour arriver jusque-l\u00e0. Et nous sommes entra\u00een\u00e9s avec elle dans la valse de ses souvenirs.\u00a0\u00bb\u00a0<\/p>\n<p class=\"fig-paragraph\">Une chor\u00e9graphie emmenant le t\u00e9l\u00e9spectateur en Allemagne, o\u00f9 elle a grandi, en Russie o\u00f9 elle est qualifi\u00e9e de r\u00e9volutionnaire et dissidente avant d\u2019\u00eatre enferm\u00e9e et condamn\u00e9e \u00e0 mort, puis aux Pays-Bas o\u00f9 elle reprend go\u00fbt \u00e0 la vie au c\u00f4t\u00e9 de son amour de l\u2019\u00e9poque, Joris. Go\u00fbt \u00e0 la vie mais, \u00e9galement, \u00e0 la photographie.<\/p>\n","protected":false},"excerpt":{"rendered":"Cette amoureuse de la libert\u00e9, figure essentielle de la photographie, est le c\u0153ur de ce film, diffus\u00e9 sur&hellip;\n","protected":false},"author":2,"featured_media":533715,"comment_status":"","ping_status":"","sticky":false,"template":"","format":"standard","meta":{"footnotes":""},"categories":[1358],"tags":[1348,1384,1385,1386,58,59,1011,27,4467,1756],"class_list":{"0":"post-533714","1":"post","2":"type-post","3":"status-publish","4":"format-standard","5":"has-post-thumbnail","7":"category-arts-et-design","8":"tag-arts","9":"tag-arts-and-design","10":"tag-arts-et-design","11":"tag-design","12":"tag-divertissement","13":"tag-entertainment","14":"tag-fr","15":"tag-france","16":"tag-france-5","17":"tag-photographie"},"share_on_mastodon":{"url":"https:\/\/pubeurope.com\/@fr\/115548283368948604","error":""},"_links":{"self":[{"href":"https:\/\/www.europesays.com\/fr\/wp-json\/wp\/v2\/posts\/533714","targetHints":{"allow":["GET"]}}],"collection":[{"href":"https:\/\/www.europesays.com\/fr\/wp-json\/wp\/v2\/posts"}],"about":[{"href":"https:\/\/www.europesays.com\/fr\/wp-json\/wp\/v2\/types\/post"}],"author":[{"embeddable":true,"href":"https:\/\/www.europesays.com\/fr\/wp-json\/wp\/v2\/users\/2"}],"replies":[{"embeddable":true,"href":"https:\/\/www.europesays.com\/fr\/wp-json\/wp\/v2\/comments?post=533714"}],"version-history":[{"count":0,"href":"https:\/\/www.europesays.com\/fr\/wp-json\/wp\/v2\/posts\/533714\/revisions"}],"wp:featuredmedia":[{"embeddable":true,"href":"https:\/\/www.europesays.com\/fr\/wp-json\/wp\/v2\/media\/533715"}],"wp:attachment":[{"href":"https:\/\/www.europesays.com\/fr\/wp-json\/wp\/v2\/media?parent=533714"}],"wp:term":[{"taxonomy":"category","embeddable":true,"href":"https:\/\/www.europesays.com\/fr\/wp-json\/wp\/v2\/categories?post=533714"},{"taxonomy":"post_tag","embeddable":true,"href":"https:\/\/www.europesays.com\/fr\/wp-json\/wp\/v2\/tags?post=533714"}],"curies":[{"name":"wp","href":"https:\/\/api.w.org\/{rel}","templated":true}]}}