{"id":533762,"date":"2025-11-14T13:52:14","date_gmt":"2025-11-14T13:52:14","guid":{"rendered":"https:\/\/www.europesays.com\/fr\/533762\/"},"modified":"2025-11-14T13:52:14","modified_gmt":"2025-11-14T13:52:14","slug":"charles-compagnon-officiellement-candidat-aux-cotes-de-carole-gandon","status":"publish","type":"post","link":"https:\/\/www.europesays.com\/fr\/533762\/","title":{"rendered":"Charles Compagnon officiellement candidat aux c\u00f4t\u00e9s de Carole Gandon"},"content":{"rendered":"<p>                    Par<br \/>\n        <strong><br \/>\n            <a href=\"https:\/\/actu.fr\/auteur\/clemence-pays02-actu-fr\" title=\"Consulter tous les articles de Cl\u00e9mence Pays\" rel=\"nofollow noopener\" target=\"_blank\">Cl\u00e9mence Pays<\/a><br \/>\n                    <\/strong><\/p>\n<p>        Publi\u00e9 le<\/p>\n<p>            14 nov. 2025 \u00e0 14h12        <\/p>\n<p>Ce n\u2019est pas une grosse surprise qui vient d\u2019\u00eatre d\u00e9voil\u00e9e. <strong>Charles Compagnon,<\/strong> conseiller municipal d\u2019opposition (Libres d\u2019agir pour Rennes), est candidat \u00e0 la mairie de <a href=\"https:\/\/actu.fr\/rennes\/\" rel=\"nofollow noopener\" target=\"_blank\">Rennes<\/a>. C\u2019est lors d\u2019une conf\u00e9rence de presse, vendredi 14\u00a0novembre 2025, que le Rennais s\u2019est officiellement lanc\u00e9 dans la course aux <a href=\"https:\/\/actu.fr\/tag\/municipales-2026\" rel=\"nofollow noopener\" target=\"_blank\">\u00e9lections municipales 2026<\/a>, sous les applaudissements de ses soutiens.<\/p>\n<p class=\" wall-content\">\u00c9lu depuis 2020, Charles Compagnon a pr\u00e9sent\u00e9 sa <strong>campagne Vivre Rennes\u2009!<\/strong> et ses priorit\u00e9s aux c\u00f4t\u00e9s de <a href=\"https:\/\/actu.fr\/bretagne\/rennes_35238\/municipales-2026-a-rennes-il-etait-temps-d-ecrire-la-suite-carole-gandon-cheffe-de-file-pour-renaissance_62785659.html\" rel=\"nofollow noopener\" target=\"_blank\">Carole Gandon, conseill\u00e8re municipale d\u2019opposition<\/a> (R\u00e9v\u00e9ler Rennes).<\/p>\n<p>Retrouver une ville \u00ab\u2009attractive\u2009\u00bb<\/p>\n<p class=\" wall-content\">\u00ab\u2009Destruction du pont Papu\u2009\u00bb, \u00ab<a href=\"https:\/\/actu.fr\/bretagne\/rennes_35238\/deconstruction-du-parking-vilaine-a-rennes-le-calendrier-est-confirme-voici-ce-qu-il-va-se-passer-a-present_63299855.html\" rel=\"nofollow noopener\" target=\"_blank\">\u2009destruction du parking Vilaine<\/a>\u2009\u00bb, \u00ab\u2009ins\u00e9curit\u00e9\u2009\u00bb, \u00ab\u2009permis de construire en zone inondable\u2009\u00bb, \u00ab\u2009situation dramatique des finances de la Ville\u2009\u00bb, \u00ab\u2009b\u00e9tonisation \u00e0 tout va\u2009\u00bb\u2026 La liste des <strong>d\u00e9saccords avec la majorit\u00e9<\/strong> en place est longue pour Charles Compagnon, qui a affirm\u00e9 avoir alert\u00e9 la maire de Rennes \u00e0 plusieurs reprises sur ces sujets. \u00ab\u2009Avons-nous \u00e9t\u00e9 \u00e9cout\u00e9s par Nathalie App\u00e9r\u00e9\u2009? Jamais\u2009\u00bb, fustige le candidat \u00e0 la mairie.<\/p>\n<p class=\" wall-content\">C\u2019est donc apr\u00e8s avoir largement remis en question la politique de la maire sortante que Charles Compagnon a dessin\u00e9 les contours de sa campagne.<\/p>\n<blockquote class=\"ac-article-quote wall-content\">\n<p>Mon programme s&rsquo;appuie sur trois piliers pour redonner un cadre de vie qui prot\u00e8ge et rassemble.<\/p>\n<p>    <strong>Charles Compagnon<\/strong><br \/>\n        T\u00eate de liste Vivre Rennes !    <\/p><\/blockquote>\n<p class=\" wall-content\">Premier angle d\u2019attaque pour Charles Compagnon\u2009: <strong>\u00ab\u2009la s\u00e9curit\u00e9\u2009\u00bb.<\/strong> Il souhaite par exemple <strong>\u00ab\u2009doubler les effectifs de police municipale\u2009\u00bb et l\u2019armer.<\/strong> Mais aussi renforcer la <strong>vid\u00e9oprotection<\/strong> et \u00ab\u2009une meilleure collaboration avec la police nationale\u2009\u00bb. Dans cette optique, le Rennais a annonc\u00e9 \u2013 s\u2019il venait \u00e0 \u00eatre \u00e9lu \u2013 la <strong>cr\u00e9ation de quatre commissariats de proximit\u00e9<\/strong> r\u00e9unissant policiers municipaux et nationaux \u00e0 <a href=\"https:\/\/actu.fr\/tag\/villejean\" rel=\"nofollow noopener\" target=\"_blank\">Villejean<\/a>, <a href=\"https:\/\/actu.fr\/tag\/maurepas\" rel=\"nofollow noopener\" target=\"_blank\">Maurepas<\/a>, Cleunay et au <a href=\"https:\/\/actu.fr\/tag\/le-blosne\" rel=\"nofollow noopener\" target=\"_blank\">Blosne<\/a>.<\/p>\n<p class=\" wall-content\">Deuxi\u00e8me axe d\u00e9velopp\u00e9 par Charles Compagnon, <strong>\u00ab\u2009la ville durable\u2009\u00bb.<\/strong> \u00ab\u2009Replanter, d\u00e9simperm\u00e9abiliser les sols, cr\u00e9er des \u00eelots de fra\u00eecheur, acc\u00e9l\u00e9rer le <a href=\"https:\/\/actu.fr\/bretagne\/rennes_35238\/reseau-express-velo-a-rennes-de-nouvelles-lignes-attendues-en-2025-ou-en-sont-les-travaux_62228153.html\" rel=\"nofollow noopener\" target=\"_blank\">d\u00e9veloppement du R\u00e9seau express v\u00e9lo<\/a>\u2009\u00bb mais aussi proposer des logements \u00ab\u2009accessibles \u00e0 tous\u2009\u00bb font partie de ses projets.<\/p>\n<p>Votre r\u00e9gion, votre actu !<\/p>\n<p>Recevez chaque jour les infos qui comptent pour vous.<\/p>\n<p>\t<a href=\"https:\/\/actu.fr\/newsletter\" class=\"ac-btn ac-btn--corner ac-btn--medium ac-btn--blue800\" rel=\"nofollow noopener\" target=\"_blank\">S&rsquo;incrire<\/a><\/p>\n<p class=\" wall-content\">Enfin, la t\u00eate de liste de Vivre Rennes\u2009! compte faire de la capitale bretonne <strong>\u00ab\u2009une ville rayonnante\u2009\u00bb<\/strong> sur le plan \u00e9conomique, culturel et sportif.<\/p>\n<blockquote class=\"ac-article-quote wall-content\">\n<p>Rennes doit redevenir une ville attractive qui emploie. Avec nous, il y aura un Safran 2, un Safran 3 et un Safran 4 !<\/p>\n<p>    <strong>Charles Compagnon<\/strong><br \/>\n        T\u00eate de liste Vivre Rennes !    <\/p><\/blockquote>\n<p class=\" wall-content\">Charles Compagnon souhaite \u00e9galement faire du <strong>Blizz,<\/strong> \u00ab\u2009une patinoire plus sobre\u2009\u00bb et attractive au niveau national. \u00ab\u2009Rennes m\u00e9rite aussi <strong>un grand stade<\/strong> et <strong>un Z\u00e9nith.\u2009\u00bb<\/strong><\/p>\n<p>\u00ab\u2009Un rendez-vous historique\u2009\u00bb<\/p>\n<p class=\" wall-content\">Toutes ces propositions, Charles Compagnon a choisi de ne pas les porter seul, mais bien aux c\u00f4t\u00e9s de son ancienne rivale lors des \u00e9lections municipales de 2020, <strong>Carole Gandon.<\/strong> \u00ab\u2009Le 15\u00a0mars 2026 sera un rendez-vous historique. <strong>Pour la premi\u00e8re fois, deux anciens candidats unissent leurs forces\u2009\u00bb<\/strong> sur une seule et m\u00eame liste, a fait remarquer le Rennais avant de remercier sa nouvelle co-\u00e9quipi\u00e8re.<\/p>\n<p>    <img   decoding=\"async\" loading=\"lazy\" src=\"https:\/\/www.europesays.com\/fr\/wp-content\/uploads\/2025\/11\/5-nicolas-boucher-charles-compagnon-carole-gandon-vivre-rennes-municipales-2026-elections-villejean-.jpeg\" alt=\"Charles Compagnon s'est lanc\u00e9 dans la politique en 2020, lors des \u00e9lections municipales.\" width=\"960\" height=\"640\"\/><br \/>\n    Charles Compagnon s\u2019est lanc\u00e9 dans la politique en 2020, lors des \u00e9lections municipales. (\u00a9Cl\u00e9mence Pays\/actu Rennes)<\/p>\n<p class=\" wall-content\">\u00ab\u2009La situation s\u2019est durcie depuis 2020. Il faut<strong> \u00e9viter d\u2019\u00e9parpiller notre force et notre talent<\/strong> pour ne pas reproduire les erreurs du pass\u00e9\u2009\u00bb, a soutenu Carole Gandon.<\/p>\n<p class=\" wall-content\">Le bin\u00f4me s\u2019est d\u2019ailleurs dit \u00ab\u2009ouvert et pr\u00eat \u00e0 accueillir\u2009\u00bb toutes personnes souhaitant s\u2019engager \u00e0 leurs c\u00f4t\u00e9s, <strong>\u00ab\u2009de la droite r\u00e9publicaine au centre gauche\u2009\u00bb.<\/strong> Toutefois, \u00ab\u2009aucune association avec les extr\u00eames\u2009\u00bb ne sera accept\u00e9e.<\/p>\n<p class=\" wall-content\">Interrog\u00e9s sur une possible association avec <strong>Thomas Rousseau<\/strong> \u2013 candidat Les R\u00e9publicains aux municipales 2026 et <a href=\"https:\/\/actu.fr\/bretagne\/rennes_35238\/rennes-a-droite-c-est-quoi-ce-nouveau-mouvement-politique-lance-par-thomas-rousseau_60191920.html\" rel=\"nofollow noopener\" target=\"_blank\">fondateur de Rennes \u00e0 droite<\/a> \u2013 un temps \u00e9voqu\u00e9e, Carole Gandon et Charles Compagnon ont admis qu\u2019une <strong>\u00ab\u2009discussion est en cours\u2009\u00bb.<\/strong><\/p>\n<p>Une d\u00e9claration \u00e0 Villejean, un choix pas anodin<\/p>\n<p class=\" wall-content\">Avant de s\u2019investir pleinement dans la vie politique locale, Charles Compagnon \u00e9tait <strong>g\u00e9rant du restaurant Le Carr\u00e9,<\/strong> place des Lices (La Closerie, aujourd\u2019hui) et <strong>pr\u00e9sident<\/strong> de l\u2019association des commer\u00e7ants et artisans du centre-ville de Rennes, <strong>Le Carr\u00e9 Rennais.<\/strong><\/p>\n<p class=\" wall-content\">Il a fait de<strong> la s\u00e9curit\u00e9<\/strong> l\u2019un de ses angles d\u2019attaque favori pour s\u2019opposer \u00e0 la majorit\u00e9 de <a href=\"https:\/\/actu.fr\/tag\/nathalie-appere\" rel=\"nofollow noopener\" target=\"_blank\">Nathalie App\u00e9r\u00e9<\/a>. Il avait d\u2019ailleurs \u00e9t\u00e9 <a href=\"https:\/\/actu.fr\/bretagne\/rennes_35238\/rennes-fusillade-a-villejean-que-faisait-cet-elu-dans-le-subway-ou-les-coups-de-feu-ont-ete-tires_62530881.html\" rel=\"nofollow noopener\" target=\"_blank\">t\u00e9moin de la fusillade survenue \u00e0 Villejean, dans le restaurant Subway<\/a>, en avril\u00a02025. Deux mois plus tard, il annon\u00e7ait la <strong>parution de son livre<\/strong> Rennes au c\u0153ur\u2009! Journal d\u2019un citoyen engag\u00e9, dans lequel il revenait sur cet \u00e9pisode de violence, mais aussi sur les \u00e9lections municipales, ses rencontres dans les quartiers et \u00ab\u2009les blocages institutionnels\u2009\u00bb.<\/p>\n<p class=\" wall-content\">Ce vendredi 14\u00a0novembre, Charles Compagnon a fait le choix d\u2019<strong>installer son pupitre face au Subway<\/strong> du cours Kennedy, un message directement adress\u00e9 aux habitants. \u00ab\u2009Nous ne les abandonnerons jamais\u2009\u00bb, a promis le candidat.<\/p>\n<p>\u00ab\u2009Les belles paroles, il faut les tenir\u2009\u00bb<\/p>\n<p class=\" wall-content\">Une promesse qui n\u2019est pas tomb\u00e9e dans l\u2019oreille d\u2019une sourde. <strong>\u00ab\u2009Les belles paroles, il faut les tenir\u2009\u00bb,<\/strong> a confi\u00e9 \u00e0 <a href=\"https:\/\/actu.fr\/rennes\/\" rel=\"nofollow noopener\" target=\"_blank\">actu Rennes<\/a> Marie-H\u00e9l\u00e8ne, habitante du quartier depuis quarante ans venue assister au discours de Charles Compagnon.<\/p>\n<p class=\" wall-content\">La retrait\u00e9e a affirm\u00e9 \u00eatre t\u00e9moin du<strong> \u00ab\u2009d\u00e9sespoir\u2009\u00bb des habitants<\/strong> de Villejean\u2009: \u00ab\u2009On nous ferme tout\u2009: les commerces, <a href=\"https:\/\/actu.fr\/bretagne\/rennes_35238\/a-rennes-le-commissariat-de-villejean-ferme-pour-une-duree-indeterminee_63428698.html\" rel=\"nofollow noopener\" target=\"_blank\">le commissariat<\/a>\u2026 Il y a des logements insalubres.\u2009\u00bb<\/p>\n<p class=\" wall-content\">\u00ab\u2009Si c\u2019est pour nous \u00e9couter et ne rien faire, ce n\u2019est pas la peine, poursuit Marie-H\u00e9l\u00e8ne en larmes. <strong>On se fiche de nous.<\/strong> <a href=\"https:\/\/actu.fr\/bretagne\/rennes_35238\/rennes-le-commissariat-de-villejean-va-pouvoir-rouvrir-voici-quand_63434123.html\" rel=\"nofollow noopener\" target=\"_blank\">Le commissariat a rouvert aujourd\u2019hui<\/a>, comme par hasard. Et pour combien de temps\u2009?\u2009\u00bb<\/p>\n<p class=\" wall-content\">Le discours de Charles Compagnon a \u00e9galement suscit\u00e9 la <strong>col\u00e8re d\u2019une jeune passante,<\/strong> qui a bri\u00e8vement interrompu le discours du candidat. \u00ab\u2009Personne ne veut de toi ici\u2009\u00bb, a-t-elle affirm\u00e9.<\/p>\n<p class=\" wall-content\">\u00ab\u2009Je suis dans un espace public, j\u2019ai fait le choix de m\u2019exposer.<strong> J\u2019accepte la confrontation<\/strong> [\u2026]. On discute avec tout le monde\u2009\u00bb, a finalement assur\u00e9 Charles Compagnon.<\/p>\n<p class=\" wall-content\">Personnalisez votre actualit\u00e9 en ajoutant vos villes et m\u00e9dias en favori avec <a href=\"https:\/\/moncompte.actu.fr\" title=\"D\u00e9couvez Mon Actu\" rel=\"nofollow noopener\" data-trk=\"{&quot;cta&quot;:{&quot;action&quot;:&quot;https:\\\/\\\/moncompte.actu.fr&quot;,&quot;category&quot;:&quot;mon compte&quot;,&quot;from&quot;:&quot;article footer&quot;,&quot;name&quot;:&quot;Mon actu&quot;,&quot;type&quot;:&quot;cta&quot;}}\" target=\"_blank\">Mon Actu<\/a>.<\/p>\n","protected":false},"excerpt":{"rendered":"Par Cl\u00e9mence Pays Publi\u00e9 le 14 nov. 2025 \u00e0 14h12 Ce n\u2019est pas une grosse surprise qui vient&hellip;\n","protected":false},"author":2,"featured_media":533763,"comment_status":"","ping_status":"","sticky":false,"template":"","format":"standard","meta":{"footnotes":""},"categories":[2821],"tags":[1111,11,829,4188,1777,674,1011,27,3434,12,316,584,25],"class_list":{"0":"post-533762","1":"post","2":"type-post","3":"status-publish","4":"format-standard","5":"has-post-thumbnail","7":"category-rennes","8":"tag-actu","9":"tag-actualites","10":"tag-bretagne","11":"tag-elections-municipales","12":"tag-eu","13":"tag-europe","14":"tag-fr","15":"tag-france","16":"tag-municipales-2026","17":"tag-news","18":"tag-politique","19":"tag-rennes","20":"tag-republique-francaise"},"share_on_mastodon":{"url":"https:\/\/pubeurope.com\/@fr\/115548386402191857","error":""},"_links":{"self":[{"href":"https:\/\/www.europesays.com\/fr\/wp-json\/wp\/v2\/posts\/533762","targetHints":{"allow":["GET"]}}],"collection":[{"href":"https:\/\/www.europesays.com\/fr\/wp-json\/wp\/v2\/posts"}],"about":[{"href":"https:\/\/www.europesays.com\/fr\/wp-json\/wp\/v2\/types\/post"}],"author":[{"embeddable":true,"href":"https:\/\/www.europesays.com\/fr\/wp-json\/wp\/v2\/users\/2"}],"replies":[{"embeddable":true,"href":"https:\/\/www.europesays.com\/fr\/wp-json\/wp\/v2\/comments?post=533762"}],"version-history":[{"count":0,"href":"https:\/\/www.europesays.com\/fr\/wp-json\/wp\/v2\/posts\/533762\/revisions"}],"wp:featuredmedia":[{"embeddable":true,"href":"https:\/\/www.europesays.com\/fr\/wp-json\/wp\/v2\/media\/533763"}],"wp:attachment":[{"href":"https:\/\/www.europesays.com\/fr\/wp-json\/wp\/v2\/media?parent=533762"}],"wp:term":[{"taxonomy":"category","embeddable":true,"href":"https:\/\/www.europesays.com\/fr\/wp-json\/wp\/v2\/categories?post=533762"},{"taxonomy":"post_tag","embeddable":true,"href":"https:\/\/www.europesays.com\/fr\/wp-json\/wp\/v2\/tags?post=533762"}],"curies":[{"name":"wp","href":"https:\/\/api.w.org\/{rel}","templated":true}]}}