{"id":533764,"date":"2025-11-14T13:53:10","date_gmt":"2025-11-14T13:53:10","guid":{"rendered":"https:\/\/www.europesays.com\/fr\/533764\/"},"modified":"2025-11-14T13:53:10","modified_gmt":"2025-11-14T13:53:10","slug":"on-ne-se-donne-pas-les-moyens","status":"publish","type":"post","link":"https:\/\/www.europesays.com\/fr\/533764\/","title":{"rendered":"On ne se donne pas les moyens"},"content":{"rendered":"<p>                    Par<br \/>\n        <strong><br \/>\n            <a href=\"https:\/\/actu.fr\/auteur\/thomas-blanc\" title=\"Consulter tous les articles de Thomas Blanc\" target=\"_blank\" rel=\"noopener\">Thomas Blanc<\/a><br \/>\n                    <\/strong><\/p>\n<p>        Publi\u00e9 le<\/p>\n<p>            14 nov. 2025 \u00e0 14h25        <\/p>\n<p>Le <a href=\"https:\/\/actu.fr\/tag\/marche-de-noel-de-strasbourg\" target=\"_blank\" rel=\"noopener\">march\u00e9 de No\u00ebl 2025<\/a> arrive \u00e0 grands pas. Son ouverture aura lieu le 26\u00a0novembre et un \u00e9l\u00e9ment semble marquer les esprits\u2009: <strong>les ann\u00e9es passent et se ressemblent<\/strong>. Ce qui ne manque pas d\u2019interpeller certains acteurs locaux comme Pierre Jakubowicz, \u00e9lu d\u2019opposition au conseil municipal et <a href=\"https:\/\/actu.fr\/grand-est\/strasbourg_67482\/municipales-2026-a-strasbourg-pierre-jakubowicz-horizons-officialise-sa-candidature_63115980.html\" target=\"_blank\" rel=\"noopener\">candidat aux \u00e9lections municipales 2026<\/a> \u00e0 <a href=\"https:\/\/actu.fr\/strasbourg\/\" target=\"_blank\" rel=\"noopener\">Strasbourg<\/a>.<\/p>\n<p>\u00ab\u2009On ne se donne pas les moyens\u2009\u00bb, cingle Pierre Jakubowicz<\/p>\n<p class=\" wall-content\">Face au peu de nouveaut\u00e9s annonc\u00e9es, Pierre Jakubowicz \u00e9tabli \u00ab\u2009deux priorit\u00e9s\u2009\u00bb. La premi\u00e8re, \u00ab\u2009offrir de nouveau <strong>une vraie proposition culturelle<\/strong> \u00e0 la population\u2009\u00bb, car \u00ab\u2009elle est <strong>tr\u00e8s faible<\/strong>, notamment autour des chants de <a href=\"https:\/\/actu.fr\/tag\/noel\" target=\"_blank\" rel=\"noopener\">No\u00ebl<\/a>\u2009\u00bb, explique-t-il.<\/p>\n<p class=\" wall-content\">Sa seconde priorit\u00e9 porte sur \u00ab\u2009la question de la <strong>d\u00e9centralisation du march\u00e9<\/strong> dans les quartiers de Strasbourg\u2009\u00bb. Pour lui, un grand nombre de nouveaux \u00e9v\u00e8nements pourraient avoir lieu hors du centre-ville de Strasbourg.<\/p>\n<p class=\" wall-content\">\u00ab<strong>\u2009On ne se donne pas les moyens<\/strong> de faire exister Capitale de No\u00ebl dans les quartiers, qu\u2019il y ait de vrais moments, pas des animations qui durent une apr\u00e8s-midi ou un jour\u2009\u00bb, selon M. Jakubowicz.<\/p>\n<p>La France insoumise pr\u00e9pare un plan de refonte du march\u00e9 de No\u00ebl<\/p>\n<p class=\" wall-content\">Pour cela, il souhaite \u00ab\u2009que chaque quartier ait<strong> une semaine, au moins, de f\u00eate<\/strong> avec de vraies illuminations. Cela permettrait d\u2019inclure les habitants et de <strong>d\u00e9sengorger le centre<\/strong>\u2009\u00bb.<\/p>\n<p class=\" wall-content\">De son c\u00f4t\u00e9, <a href=\"https:\/\/actu.fr\/tag\/la-france-insoumise-lfi\" target=\"_blank\" rel=\"noopener\">La France insoumise<\/a> nous apprend que, face aux annonces faites pour Capitale de No\u00ebl, <strong>un plan de refonte du march\u00e9<\/strong> sera pr\u00e9sent\u00e9 aux alentours du 18\u00a0novembre par le mouvement de gauche.<\/p>\n<p>Votre r\u00e9gion, votre actu !<\/p>\n<p>Recevez chaque jour les infos qui comptent pour vous.<\/p>\n<p>\t<a href=\"https:\/\/actu.fr\/newsletter\" class=\"ac-btn ac-btn--corner ac-btn--medium ac-btn--blue800\" target=\"_blank\" rel=\"noopener\">S&rsquo;incrire<\/a><\/p>\n<p class=\" wall-content\">En guise de r\u00e9ponse, la Ville fait savoir que les nouveaut\u00e9s ne sont <strong>pas imp\u00e9ratives<\/strong>. \u00ab\u2009Nous n\u2019avons <strong>pas d\u2019obligation de renouvellement de l\u2019offre<\/strong> comme dans d\u2019autres march\u00e9s de No\u00ebl\u2009\u00bb, explique <strong>Guillaume Libsig<\/strong>, adjoint \u00e0 la maire de Strasbourg en charge entre autres de la coordination du march\u00e9 de No\u00ebl.<\/p>\n<p>Peu de nouveaut\u00e9s, mais une fr\u00e9quentation en hausse<\/p>\n<p class=\" wall-content\">\u00ab\u2009D\u2019ailleurs, le march\u00e9 <strong>n\u2019a jamais \u00e9t\u00e9 aussi fr\u00e9quent\u00e9,<\/strong> ce qui prouve que notre formule fonctionne\u2009\u00bb, poursuit-il. En effet, le march\u00e9 a enregistr\u00e9 <a href=\"https:\/\/actu.fr\/grand-est\/strasbourg_67482\/marche-de-noel-a-strasbourg-le-record-de-frequentation-a-ete-battu-en-2024_62164740.html\" target=\"_blank\" rel=\"noopener\">3,4\u00a0millions de visiteurs en 2024<\/a>, <strong>la plus haute affluence<\/strong> jamais enregistr\u00e9e.<\/p>\n<p class=\" wall-content\">Il tient tout de m\u00eame \u00e0 mettre au cr\u00e9dit de la municipalit\u00e9 <a href=\"https:\/\/actu.fr\/grand-est\/strasbourg_67482\/marche-de-noel-de-strasbourg-2025-pour-la-premiere-fois-une-zone-de-repit-sera-installee-en-hypercentre_63400334.html\" target=\"_blank\" rel=\"noopener\">l\u2019instauration d\u2019une zone de r\u00e9pit<\/a> et la mise en fonctionnement du<strong> ring v\u00e9lo pour cette \u00e9dition<\/strong>.<\/p>\n<p class=\" wall-content\">\u00ab\u2009Les nouveaut\u00e9s programmatiques et festives viendront dans les ann\u00e9es \u00e0 venir. Cette ann\u00e9e, <strong>on consolide ce que l\u2019on a introduit<\/strong> les ann\u00e9es pass\u00e9es. Par exemple le fait de passer de <strong>80 \u00e0 300\u00a0enfants<\/strong> b\u00e9n\u00e9ficiaires du sapin solidaire ou encore de faire venir <strong>3\u2009000\u00a0enfants au square Louise Weiss<\/strong> qui leur est r\u00e9serv\u00e9 contre 2\u2009500 l\u2019ann\u00e9e derni\u00e8re\u2009\u00bb, conclut M. Libsig.<\/p>\n<p class=\" wall-content\">Personnalisez votre actualit\u00e9 en ajoutant vos villes et m\u00e9dias en favori avec <a href=\"https:\/\/moncompte.actu.fr\" title=\"D\u00e9couvez Mon Actu\" rel=\"nofollow noopener\" data-trk=\"{&quot;cta&quot;:{&quot;action&quot;:&quot;https:\\\/\\\/moncompte.actu.fr&quot;,&quot;category&quot;:&quot;mon compte&quot;,&quot;from&quot;:&quot;article footer&quot;,&quot;name&quot;:&quot;Mon actu&quot;,&quot;type&quot;:&quot;cta&quot;}}\" target=\"_blank\">Mon Actu<\/a>.<\/p>\n","protected":false},"excerpt":{"rendered":"Par Thomas Blanc Publi\u00e9 le 14 nov. 2025 \u00e0 14h25 Le march\u00e9 de No\u00ebl 2025 arrive \u00e0 grands&hellip;\n","protected":false},"author":2,"featured_media":533765,"comment_status":"","ping_status":"","sticky":false,"template":"","format":"standard","meta":{"footnotes":""},"categories":[2820],"tags":[1111,11,1777,674,1011,27,775,1652,56596,12,15830,25,640],"class_list":{"0":"post-533764","1":"post","2":"type-post","3":"status-publish","4":"format-standard","5":"has-post-thumbnail","7":"category-strasbourg","8":"tag-actu","9":"tag-actualites","10":"tag-eu","11":"tag-europe","12":"tag-fr","13":"tag-france","14":"tag-grand-est","15":"tag-loisirs-culture","16":"tag-marche-de-noel-de-strasbourg","17":"tag-news","18":"tag-noel","19":"tag-republique-francaise","20":"tag-strasbourg"},"share_on_mastodon":{"url":"https:\/\/pubeurope.com\/@fr\/115548389732359826","error":""},"_links":{"self":[{"href":"https:\/\/www.europesays.com\/fr\/wp-json\/wp\/v2\/posts\/533764","targetHints":{"allow":["GET"]}}],"collection":[{"href":"https:\/\/www.europesays.com\/fr\/wp-json\/wp\/v2\/posts"}],"about":[{"href":"https:\/\/www.europesays.com\/fr\/wp-json\/wp\/v2\/types\/post"}],"author":[{"embeddable":true,"href":"https:\/\/www.europesays.com\/fr\/wp-json\/wp\/v2\/users\/2"}],"replies":[{"embeddable":true,"href":"https:\/\/www.europesays.com\/fr\/wp-json\/wp\/v2\/comments?post=533764"}],"version-history":[{"count":0,"href":"https:\/\/www.europesays.com\/fr\/wp-json\/wp\/v2\/posts\/533764\/revisions"}],"wp:featuredmedia":[{"embeddable":true,"href":"https:\/\/www.europesays.com\/fr\/wp-json\/wp\/v2\/media\/533765"}],"wp:attachment":[{"href":"https:\/\/www.europesays.com\/fr\/wp-json\/wp\/v2\/media?parent=533764"}],"wp:term":[{"taxonomy":"category","embeddable":true,"href":"https:\/\/www.europesays.com\/fr\/wp-json\/wp\/v2\/categories?post=533764"},{"taxonomy":"post_tag","embeddable":true,"href":"https:\/\/www.europesays.com\/fr\/wp-json\/wp\/v2\/tags?post=533764"}],"curies":[{"name":"wp","href":"https:\/\/api.w.org\/{rel}","templated":true}]}}