{"id":533774,"date":"2025-11-14T13:58:11","date_gmt":"2025-11-14T13:58:11","guid":{"rendered":"https:\/\/www.europesays.com\/fr\/533774\/"},"modified":"2025-11-14T13:58:11","modified_gmt":"2025-11-14T13:58:11","slug":"a-nantes-la-socialiste-johanna-rolland-reussit-lunion-de-la-gauche-sans-les-insoumis-liberation","status":"publish","type":"post","link":"https:\/\/www.europesays.com\/fr\/533774\/","title":{"rendered":"A Nantes, la socialiste Johanna Rolland r\u00e9ussit l\u2019union de la gauche\u2026 sans les insoumis \u2013 Lib\u00e9ration"},"content":{"rendered":"<p class=\"sc-cPiKLX AiZTS text-element\">Une large alliance pour mieux flotter dans le grand bain \u2013 a priori paisible \u2013 des municipales. A Nantes, jeudi 13\u00a0novembre, la maire socialiste sortante, <a href=\"https:\/\/www.liberation.fr\/portraits\/johanna-rolland-ponts-et-fosses-20241120_56TTT3O44FAHTBYNUEWAZNRBJM\/\" target=\"_blank\" rel=\"noreferrer noopener\" title=\"https:\/\/www.liberation.fr\/portraits\/johanna-rolland-ponts-et-fosses-20241120_56TTT3O44FAHTBYNUEWAZNRBJM\/\">Johanna Rolland<\/a>, entour\u00e9e d\u2019une dizaine de colistiers (Parti communiste fran\u00e7ais, Les Ecologistes, Parti radical de gauche, Nantes debout, Parti animaliste\u2026) est venue pr\u00e9senter le nom de sa liste pour les municipales des 15 et 21\u00a0mars 2026\u00a0: \u00abLa Gauche unie pour Nantes\u00bb. Simple et efficace\u2026 si on omet que pour \u00abunir\u00bb la gauche, il aurait fallu aussi avoir les insoumis qui, comme dans toutes les grandes villes, <a href=\"https:\/\/www.liberation.fr\/politique\/elections\/pour-les-municipales-2026-les-insoumis-changent-de-strategie-20241221_4342ESL3AZECVIUR3LBJXIOUTU\/\" target=\"_blank\" rel=\"noreferrer noopener\" title=\"https:\/\/www.liberation.fr\/politique\/elections\/pour-les-municipales-2026-les-insoumis-changent-de-strategie-20241221_4342ESL3AZECVIUR3LBJXIOUTU\/\">font bande \u00e0 part<\/a>. Mais en ce d\u00e9but de campagne, la maire de Nantes peut bien faire simple, tant l\u2019horizon lui semble favorable.<\/p>\n<p class=\"sc-cPiKLX AiZTS text-element\">Ces derni\u00e8res semaines, les diff\u00e9rentes forces politiques de gauche ont presque toutes choisi de rallier le PS d\u00e8s le premier tour, une configuration in\u00e9dite depuis dix-huit&amp;nbsp<\/p>\n","protected":false},"excerpt":{"rendered":"Une large alliance pour mieux flotter dans le grand bain \u2013 a priori paisible \u2013 des municipales. A&hellip;\n","protected":false},"author":2,"featured_media":533775,"comment_status":"","ping_status":"","sticky":false,"template":"","format":"standard","meta":{"footnotes":""},"categories":[2818],"tags":[1111,11,1777,674,1011,27,5945,766,12,2636,429,25],"class_list":{"0":"post-533774","1":"post","2":"type-post","3":"status-publish","4":"format-standard","5":"has-post-thumbnail","7":"category-nantes","8":"tag-actu","9":"tag-actualites","10":"tag-eu","11":"tag-europe","12":"tag-fr","13":"tag-france","14":"tag-municipales-elections","15":"tag-nantes","16":"tag-news","17":"tag-pays-de-la-loire","18":"tag-ps","19":"tag-republique-francaise"},"share_on_mastodon":{"url":"https:\/\/pubeurope.com\/@fr\/115548409412712123","error":""},"_links":{"self":[{"href":"https:\/\/www.europesays.com\/fr\/wp-json\/wp\/v2\/posts\/533774","targetHints":{"allow":["GET"]}}],"collection":[{"href":"https:\/\/www.europesays.com\/fr\/wp-json\/wp\/v2\/posts"}],"about":[{"href":"https:\/\/www.europesays.com\/fr\/wp-json\/wp\/v2\/types\/post"}],"author":[{"embeddable":true,"href":"https:\/\/www.europesays.com\/fr\/wp-json\/wp\/v2\/users\/2"}],"replies":[{"embeddable":true,"href":"https:\/\/www.europesays.com\/fr\/wp-json\/wp\/v2\/comments?post=533774"}],"version-history":[{"count":0,"href":"https:\/\/www.europesays.com\/fr\/wp-json\/wp\/v2\/posts\/533774\/revisions"}],"wp:featuredmedia":[{"embeddable":true,"href":"https:\/\/www.europesays.com\/fr\/wp-json\/wp\/v2\/media\/533775"}],"wp:attachment":[{"href":"https:\/\/www.europesays.com\/fr\/wp-json\/wp\/v2\/media?parent=533774"}],"wp:term":[{"taxonomy":"category","embeddable":true,"href":"https:\/\/www.europesays.com\/fr\/wp-json\/wp\/v2\/categories?post=533774"},{"taxonomy":"post_tag","embeddable":true,"href":"https:\/\/www.europesays.com\/fr\/wp-json\/wp\/v2\/tags?post=533774"}],"curies":[{"name":"wp","href":"https:\/\/api.w.org\/{rel}","templated":true}]}}