{"id":533806,"date":"2025-11-14T14:15:20","date_gmt":"2025-11-14T14:15:20","guid":{"rendered":"https:\/\/www.europesays.com\/fr\/533806\/"},"modified":"2025-11-14T14:15:20","modified_gmt":"2025-11-14T14:15:20","slug":"lallemagne-condamne-le-mepris-pour-lhumanite-de-poutine-apres-lattaque-russe-a-kiev","status":"publish","type":"post","link":"https:\/\/www.europesays.com\/fr\/533806\/","title":{"rendered":"l\u2019Allemagne condamne le \u00abm\u00e9pris pour l\u2019humanit\u00e9\u00bb de Poutine apr\u00e8s l\u2019attaque russe \u00e0 Kiev"},"content":{"rendered":"<p>            <a href=\"https:\/\/www.lefigaro.fr\/international\/au-japon-la-nouvelle-premiere-ministre-au-coeur-de-la-controverse-pour-avoir-fait-travailler-ses-collaborateurs-a-3-heures-du-matin-20251113\" class=\"fig-ranking-profile-link\" aria-label=\"Au Japon, la nouvelle premi\u00e8re ministre au c\u0153ur de la controverse pour avoir fait travailler ses collaborateurs \u00e0 3 heures du matin (article Premium)\" title=\"Au Japon, la nouvelle premi\u00e8re ministre au c\u0153ur de la controverse pour avoir fait travailler ses collaborateurs \u00e0 3 heures du matin (article Premium)\" data-fig-domain=\"LEFIGARO\" rel=\"nofollow noopener\" target=\"_blank\"><\/p>\n<p>        Au Japon, la nouvelle premi\u00e8re ministre au c\u0153ur de la controverse pour avoir fait travailler ses collaborateurs \u00e0 3 heures du matin<\/p>\n<p>                                                <\/a><\/p>\n<p>        <img   class=\"fig-img fig-ranking-profile-media-small-picture__photo\" alt=\"Au Japon, la nouvelle premi\u00e8re ministre au c\u0153ur de la controverse pour avoir fait travailler ses collaborateurs \u00e0 3 heures du matin\" height=\"2000\" width=\"3000\"\/><\/p>\n<p class=\"fig-ranking-profile-standfirst\">\n    <strong>R\u00c9CIT <\/strong>&#8211; Sanae Takaichi, fra\u00eechement nomm\u00e9e premi\u00e8re ministre, s\u2019est r\u00e9cemment dite oppos\u00e9e \u00e0 l\u2019\u00e9quilibre entre le travail et la vie personnelle, dans un pays o\u00f9 le \u00abkar\u014dshi\u00bb, ou \u00abmort par surmenage au travail\u00bb, est une r\u00e9alit\u00e9.\n<\/p>\n<p>            <a href=\"https:\/\/www.lefigaro.fr\/international\/boualem-sansal-est-libre-l-ecrivain-franco-algerien-a-ete-gracie-pour-raisons-humanitaires-20251112\" class=\"fig-ranking-profile-link\" aria-label=\"Boualem Sansal est libre, l\u2019\u00e9crivain franco-alg\u00e9rien a \u00e9t\u00e9 graci\u00e9 pour raisons humanitaires (article Premium)\" title=\"Boualem Sansal est libre, l\u2019\u00e9crivain franco-alg\u00e9rien a \u00e9t\u00e9 graci\u00e9 pour raisons humanitaires (article Premium)\" data-fig-domain=\"LEFIGARO\" rel=\"nofollow noopener\" target=\"_blank\"><\/p>\n<p>        Boualem Sansal est libre, l\u2019\u00e9crivain franco-alg\u00e9rien a \u00e9t\u00e9 graci\u00e9 pour raisons humanitaires<\/p>\n<p>                                                <\/a><\/p>\n<p>        <img   class=\"fig-img fig-ranking-profile-media-small-picture__photo\" alt=\"Boualem Sansal est libre, l\u2019\u00e9crivain franco-alg\u00e9rien a \u00e9t\u00e9 graci\u00e9 pour raisons humanitaires\" height=\"1603\" width=\"2850\"\/><\/p>\n<p class=\"fig-ranking-profile-standfirst\">\n    Presque un an jour pour jour apr\u00e8s son arrestation, l\u2019\u00e9crivain franco-alg\u00e9rien a \u00e9t\u00e9 graci\u00e9 par le pr\u00e9sident Tebboune. Une lib\u00e9ration rendue possible par un montage diplomatique entre Paris, Berlin et Alger qui, cette fois, a pu aboutir.\n<\/p>\n<p>            <a href=\"https:\/\/www.lefigaro.fr\/flash-actu\/chine-les-images-impressionnantes-de-l-effondrement-d-un-pont-recemment-inaugure-20251111\" class=\"fig-ranking-profile-link\" data-fig-domain=\"LEFIGARO\" rel=\"nofollow noopener\" target=\"_blank\"><\/p>\n<p>        Chine\u00a0: les images impressionnantes de l\u2019effondrement d\u2019un pont r\u00e9cemment inaugur\u00e9<\/p>\n<p>                                                <\/a><\/p>\n<p>        <img   class=\"fig-img fig-ranking-profile-media-small-picture__photo\" alt=\"Chine\u00a0: les images impressionnantes de l\u2019effondrement d\u2019un pont r\u00e9cemment inaugur\u00e9\" height=\"1080\" width=\"1920\"\/><\/p>\n<p class=\"fig-ranking-profile-standfirst\">\n    Dans le sud-ouest de la Chine, un pont s\u2019est partiellement effondr\u00e9 mardi quelques mois apr\u00e8s son inauguration.<\/p>\n","protected":false},"excerpt":{"rendered":"Au Japon, la nouvelle premi\u00e8re ministre au c\u0153ur de la controverse pour avoir fait travailler ses collaborateurs \u00e0&hellip;\n","protected":false},"author":2,"featured_media":533807,"comment_status":"","ping_status":"","sticky":false,"template":"","format":"standard","meta":{"footnotes":""},"categories":[1591],"tags":[11,672,834,1887,12,1885,1886,132,220],"class_list":{"0":"post-533806","1":"post","2":"type-post","3":"status-publish","4":"format-standard","5":"has-post-thumbnail","7":"category-russie","8":"tag-actualites","9":"tag-allemagne","10":"tag-attaque","11":"tag-federation-de-russie","12":"tag-news","13":"tag-russia","14":"tag-russian-federation","15":"tag-russie","16":"tag-ukraine"},"share_on_mastodon":{"url":"https:\/\/pubeurope.com\/@fr\/115548476267470451","error":""},"_links":{"self":[{"href":"https:\/\/www.europesays.com\/fr\/wp-json\/wp\/v2\/posts\/533806","targetHints":{"allow":["GET"]}}],"collection":[{"href":"https:\/\/www.europesays.com\/fr\/wp-json\/wp\/v2\/posts"}],"about":[{"href":"https:\/\/www.europesays.com\/fr\/wp-json\/wp\/v2\/types\/post"}],"author":[{"embeddable":true,"href":"https:\/\/www.europesays.com\/fr\/wp-json\/wp\/v2\/users\/2"}],"replies":[{"embeddable":true,"href":"https:\/\/www.europesays.com\/fr\/wp-json\/wp\/v2\/comments?post=533806"}],"version-history":[{"count":0,"href":"https:\/\/www.europesays.com\/fr\/wp-json\/wp\/v2\/posts\/533806\/revisions"}],"wp:featuredmedia":[{"embeddable":true,"href":"https:\/\/www.europesays.com\/fr\/wp-json\/wp\/v2\/media\/533807"}],"wp:attachment":[{"href":"https:\/\/www.europesays.com\/fr\/wp-json\/wp\/v2\/media?parent=533806"}],"wp:term":[{"taxonomy":"category","embeddable":true,"href":"https:\/\/www.europesays.com\/fr\/wp-json\/wp\/v2\/categories?post=533806"},{"taxonomy":"post_tag","embeddable":true,"href":"https:\/\/www.europesays.com\/fr\/wp-json\/wp\/v2\/tags?post=533806"}],"curies":[{"name":"wp","href":"https:\/\/api.w.org\/{rel}","templated":true}]}}