{"id":533810,"date":"2025-11-14T14:17:26","date_gmt":"2025-11-14T14:17:26","guid":{"rendered":"https:\/\/www.europesays.com\/fr\/533810\/"},"modified":"2025-11-14T14:17:26","modified_gmt":"2025-11-14T14:17:26","slug":"les-etats-unis-veulent-limiter-lobtention-de-visas-des-candidats-a-limmigration-obeses-diabetiques-ou-atteints-de-cancer","status":"publish","type":"post","link":"https:\/\/www.europesays.com\/fr\/533810\/","title":{"rendered":"Les Etats-Unis veulent limiter l&rsquo;obtention de visas des candidats \u00e0 l&rsquo;immigration ob\u00e8ses, diab\u00e9tiques ou atteints de cancer"},"content":{"rendered":"\n<p class=\"c-chapo \">\n  Une notice du d\u00e9partement d&rsquo;Etat autorise ambassades et consulats \u00e0 refuser un visa en raison de l&rsquo;\u00e9tat de sant\u00e9 des \u00e9trangers.\n<\/p>\n<p>      lire plus tard<\/p>\n<p id=\"dialog__title\" class=\"dialog__title\">Pour sauvegarder cet article, connectez-vous ou cr\u00e9ez un compte franceinfo<\/p>\n<p class=\"dialog__description\">Sans paiement. Sans abonnement.<\/p>\n<p>        Fermer la fen\u00eatre d\u2019activation des notifications France Info<\/p>\n<p>      cr\u00e9er votre compte<\/p>\n<p>      se connecter<\/p>\n<p>        Fermer la fen\u00eatre de pr\u00e9sentation<\/p>\n<p>    <img loading=\"lazy\" decoding=\"async\" class=\"signature__image lazyload\" width=\"100\" height=\"100\" data- alt=\"\" src=\"https:\/\/www.europesays.com\/fr\/wp-content\/uploads\/2025\/05\/64a68815cd1a7_placeholder-36b69ec8.png\"\/><\/p>\n<p>    Publi\u00e9 le 14\/11\/2025 14:54<\/p>\n<p>        Temps de lecture : 1min<\/p>\n<p>    <img decoding=\"async\"  alt=\"L\u2019administration Trump applique un nouveau durcissement des r\u00e8gles d\u2019obtention de visas depuis le 6 novembre 2025 (photo d\u2019illustration). (JUSTIN SULLIVAN \/ AFP)\" width=\"432\" height=\"243\" src=\"https:\/\/www.europesays.com\/fr\/wp-content\/uploads\/2025\/11\/063-2245399769-6916ffeab5496991852232.jpg\" fetchpriority=\"high\"\/><\/p>\n<p>      L\u2019administration Trump applique un nouveau durcissement des r\u00e8gles d\u2019obtention de visas depuis le 6 novembre 2025 (photo d\u2019illustration). (JUSTIN SULLIVAN \/ AFP)<\/p>\n<p><a href=\"https:\/\/www.franceinfo.fr\/replay-radio\/le-choix-franceinfo\/tu-choisis-mieux-ta-nourriture-les-medicaments-anti-obesite-deviennent-de-veritables-phenomenes-de-societe-aux-etats-unis_7510378.html\" target=\"_self\" rel=\"noopener noreferrer nofollow\" data-tooltip-url=\"https:\/\/www.franceinfo.fr\/replay-radio\/le-choix-franceinfo\/tu-choisis-mieux-ta-nourriture-les-medicaments-anti-obesite-deviennent-de-veritables-phenomenes-de-societe-aux-etats-unis_7510378.html\">L&rsquo;ob\u00e9sit\u00e9<\/a> d&rsquo;une personne pourra \u00eatre un frein \u00e0 l&rsquo;obtention d&rsquo;un <a href=\"https:\/\/www.franceinfo.fr\/monde\/usa\/presidentielle\/donald-trump\/etats-unis-donald-trump-suspend-la-delivrance-de-visas-aux-chauffeurs-de-poids-lourds-etrangers-apres-un-accident-mortel_7449331.html\" target=\"_self\" rel=\"noopener noreferrer nofollow\" data-tooltip-url=\"https:\/\/www.franceinfo.fr\/monde\/usa\/presidentielle\/donald-trump\/etats-unis-donald-trump-suspend-la-delivrance-de-visas-aux-chauffeurs-de-poids-lourds-etrangers-apres-un-accident-mortel_7449331.html\">visa am\u00e9ricain<\/a>. C&rsquo;est ce que pr\u00e9voit une nouvelle directive adress\u00e9e aux ambassades par le d\u00e9partement d&rsquo;Etat des Etats-Unis. Un document envoy\u00e9 le 6\u00a0novembre par le secr\u00e9taire d&rsquo;Etat Marco Rubio invite les autorit\u00e9s \u00e0 prendre en compte l&rsquo;\u00e9tat de sant\u00e9 des candidats \u00e0 l&rsquo;immigration, dans <a href=\"https:\/\/www.franceinfo.fr\/monde\/usa\/presidentielle\/donald-trump\/les-etats-unis-reduisent-de-maniere-drastique-le-nombre-de-refugies-accueillis-cette-annee-et-annoncent-privilegier-dorenavant-des-blancs-sud-africains_7586576.html\" target=\"_self\" rel=\"noopener noreferrer nofollow\" data-tooltip-url=\"https:\/\/www.franceinfo.fr\/monde\/usa\/presidentielle\/donald-trump\/les-etats-unis-reduisent-de-maniere-drastique-le-nombre-de-refugies-accueillis-cette-annee-et-annoncent-privilegier-dorenavant-des-blancs-sud-africains_7586576.html\">un contexte de durcissement g\u00e9n\u00e9ral des r\u00e8gles d&rsquo;entr\u00e9e aux Etats-Unis<\/a>.<\/p>\n<p>La notice cite l&rsquo;ob\u00e9sit\u00e9, le diab\u00e8te ou certains cancers, susceptibles de n\u00e9cessiter \u00ab\u00a0des soins co\u00fbtant plusieurs centaines de milliers de dollars\u00a0\u00bb. Les agents consulaires devront aussi \u00e9valuer les handicaps, maladies chroniques ou besoins particuliers des personnes \u00e0 charge.<\/p>\n<p>Cette orientation intervient alors que les Etats-Unis figurent parmi <a href=\"http:\/\/www.franceinfo.fr\/replay-radio\/d-un-monde-a-l-autre\/etats-unis-l-obesite-ne-cesse-de-gagner-du-poids_6888056.html#:~:text=Le%20taux%20d&#039;ob%C3%A9sit%C3%A9%20a,330%20millions%20aujourd&#039;hui).\" target=\"_self\" rel=\"noopener noreferrer nofollow\" data-tooltip-url=\"\/replay-radio\/d-un-monde-a-l-autre\/etats-unis-l-obesite-ne-cesse-de-gagner-du-poids_6888056.html#:~:text=Le%20taux%20d&#039;ob%C3%A9sit%C3%A9%20a,330%20millions%20aujourd&#039;hui).\">les pays les plus touch\u00e9s par l&rsquo;ob\u00e9sit\u00e9<\/a>, en raison notamment de l&rsquo;alimentation et du manque d&rsquo;exercice physique. En 2025, 37% des adultes am\u00e9ricains sont concern\u00e9s par l&rsquo;ob\u00e9sit\u00e9, selon <a href=\"https:\/\/news.gallup.com\/poll\/696599\/obesity-rate-declining.aspx\" target=\"_blank\" rel=\"noopener nofollow\" data-tooltip-url=\"https:\/\/news.gallup.com\/poll\/696599\/obesity-rate-declining.aspx\">une \u00e9tude Gallup<\/a> parue le 28 octobre. Depuis son retour au pouvoir, Donald Trump a renforc\u00e9 la lutte contre l&rsquo;immigration clandestine et durci les crit\u00e8res d&rsquo;entr\u00e9e des migrants r\u00e9guliers.<\/p>\n<p>Le d\u00e9partement d&rsquo;Etat assure vouloir \u00e9viter que le <a href=\"https:\/\/www.franceinfo.fr\/monde\/usa\/presidentielle\/donald-trump\/ca-depasse-le-cadre-du-raisonnable-comment-l-administration-trump-contourne-le-droit-de-l-immigration-aux-etats-unis_7192554.html\" target=\"_self\" rel=\"noopener noreferrer nofollow\" data-tooltip-url=\"https:\/\/www.franceinfo.fr\/monde\/usa\/presidentielle\/donald-trump\/ca-depasse-le-cadre-du-raisonnable-comment-l-administration-trump-contourne-le-droit-de-l-immigration-aux-etats-unis_7192554.html\">syst\u00e8me migratoire<\/a> ne devienne \u00ab\u00a0un fardeau pour les contribuables am\u00e9ricains\u00a0\u00bb. Il a \u00e9galement r\u00e9voqu\u00e9 des dizaines de milliers de visas, y compris pour des opinions jug\u00e9es anti-am\u00e9ricaines. Les demandeurs de visas longue dur\u00e9e doivent d\u00e9j\u00e0 passer une visite m\u00e9dicale, notamment pour d\u00e9pister des maladies transmissibles.<\/p>\n","protected":false},"excerpt":{"rendered":"Une notice du d\u00e9partement d&rsquo;Etat autorise ambassades et consulats \u00e0 refuser un visa en raison de l&rsquo;\u00e9tat de&hellip;\n","protected":false},"author":2,"featured_media":533811,"comment_status":"","ping_status":"","sticky":false,"template":"","format":"standard","meta":{"footnotes":""},"categories":[1589],"tags":[11,73,1866,12,1864,1865,1863,308],"class_list":{"0":"post-533810","1":"post","2":"type-post","3":"status-publish","4":"format-standard","5":"has-post-thumbnail","7":"category-etats-unis","8":"tag-actualites","9":"tag-etats-unis","10":"tag-etats-unis-damerique","11":"tag-news","12":"tag-united-states","13":"tag-united-states-of-america","14":"tag-us","15":"tag-usa"},"share_on_mastodon":{"url":"https:\/\/pubeurope.com\/@fr\/115548484729712536","error":""},"_links":{"self":[{"href":"https:\/\/www.europesays.com\/fr\/wp-json\/wp\/v2\/posts\/533810","targetHints":{"allow":["GET"]}}],"collection":[{"href":"https:\/\/www.europesays.com\/fr\/wp-json\/wp\/v2\/posts"}],"about":[{"href":"https:\/\/www.europesays.com\/fr\/wp-json\/wp\/v2\/types\/post"}],"author":[{"embeddable":true,"href":"https:\/\/www.europesays.com\/fr\/wp-json\/wp\/v2\/users\/2"}],"replies":[{"embeddable":true,"href":"https:\/\/www.europesays.com\/fr\/wp-json\/wp\/v2\/comments?post=533810"}],"version-history":[{"count":0,"href":"https:\/\/www.europesays.com\/fr\/wp-json\/wp\/v2\/posts\/533810\/revisions"}],"wp:featuredmedia":[{"embeddable":true,"href":"https:\/\/www.europesays.com\/fr\/wp-json\/wp\/v2\/media\/533811"}],"wp:attachment":[{"href":"https:\/\/www.europesays.com\/fr\/wp-json\/wp\/v2\/media?parent=533810"}],"wp:term":[{"taxonomy":"category","embeddable":true,"href":"https:\/\/www.europesays.com\/fr\/wp-json\/wp\/v2\/categories?post=533810"},{"taxonomy":"post_tag","embeddable":true,"href":"https:\/\/www.europesays.com\/fr\/wp-json\/wp\/v2\/tags?post=533810"}],"curies":[{"name":"wp","href":"https:\/\/api.w.org\/{rel}","templated":true}]}}