{"id":533813,"date":"2025-11-14T14:19:13","date_gmt":"2025-11-14T14:19:13","guid":{"rendered":"https:\/\/www.europesays.com\/fr\/533813\/"},"modified":"2025-11-14T14:19:13","modified_gmt":"2025-11-14T14:19:13","slug":"lallemagne-adopte-un-budget-2026-marque-par-une-envolee-de-la-dette-a-170-milliards-deuros","status":"publish","type":"post","link":"https:\/\/www.europesays.com\/fr\/533813\/","title":{"rendered":"L\u2019Allemagne adopte un budget 2026 marqu\u00e9 par une envol\u00e9e de la dette, \u00e0 170 milliards d\u2019euros"},"content":{"rendered":"<p>\u00c0 cela s\u2019ajoutent les emprunts pour les fonds sp\u00e9ciaux li\u00e9s \u00e0 la modernisation des infrastructures, \u00e0 la neutralit\u00e9 climatique et au renforcement de l\u2019arm\u00e9e allemande face \u00e0 la menace russe, portant la dette totale \u00e0 plus de 170\u00a0milliards d\u2019euros, un niveau in\u00e9dit depuis la pand\u00e9mie de Covid-19.<\/p>\n<p>Un budget tourn\u00e9 vers la relance \u00e9conomique<\/p>\n<p>Le chancelier allemand Friedrich Merz a fait de la relance de la premi\u00e8re \u00e9conomie europ\u00e9enne une priorit\u00e9, apr\u00e8s deux ann\u00e9es de r\u00e9cession et une quasi-stagnation attendue en 2025. Pour cela, les r\u00e8gles strictes qui freinent le recours \u00e0 la dette, inscrites dans la constitution, ont \u00e9t\u00e9 assouplies pour permettre de l\u00e2cher la bride sur la d\u00e9pense publique.<\/p>\n<p>Des critiques sont venues vendredi de l\u2019opposition, d\u00e9non\u00e7ant le recours \u00e0 l\u2019emprunt pour stimuler l\u2019\u00e9conomie \u00e0 court terme alors que les r\u00e9formes structurelles n\u00e9cessaires ne sont pas mises en \u0153uvre.<\/p>\n<p>Le parti d\u2019extr\u00eame droite allemand AfD, premi\u00e8re formation dans l\u2019opposition, a accus\u00e9 le gouvernement de contracter des \u00ab\u00a0dettes gigantesques\u00a0\u00bb, selon le d\u00e9put\u00e9 Michael Espendiller. Avec le nouveau budget, \u00ab\u00a0presque un euro sur trois sera financ\u00e9 par l\u2019endettement\u00a0\u00bb, a-t-il soulign\u00e9.<\/p>\n<p>Les partis de la coalition form\u00e9e entre conservateurs de la CDU\u00a0\/\u00a0CSU et sociaux-d\u00e9mocrates du SPD \u00ab\u00a0n\u2019ont aucun plan pour l\u2019avenir\u00a0\u00bb, a d\u00e9clar\u00e9 \u00e0 l\u2019AFP Sebastian Sch\u00e4fer, d\u00e9put\u00e9 des Verts, porte-parole sur le budget.<\/p>\n<p>Mercredi, les cinq sages \u00e9conomiques conseillant le gouvernement ont soulign\u00e9 qu\u2019une partie du fonds d\u00e9di\u00e9 aux infrastructures et au climat serait utilis\u00e9e pour financer des d\u00e9penses courantes de l\u2019\u00c9tat, au d\u00e9triment d\u2019investissements \u00e0 long terme, limitant ainsi l\u2019effet positif attendu pour la croissance.<\/p>\n","protected":false},"excerpt":{"rendered":"\u00c0 cela s\u2019ajoutent les emprunts pour les fonds sp\u00e9ciaux li\u00e9s \u00e0 la modernisation des infrastructures, \u00e0 la neutralit\u00e9&hellip;\n","protected":false},"author":2,"featured_media":533814,"comment_status":"","ping_status":"","sticky":false,"template":"","format":"standard","meta":{"footnotes":""},"categories":[1587],"tags":[11,672,1804,1805,1803,1777,674,1801,12,1802],"class_list":{"0":"post-533813","1":"post","2":"type-post","3":"status-publish","4":"format-standard","5":"has-post-thumbnail","7":"category-allemagne","8":"tag-actualites","9":"tag-allemagne","10":"tag-bundesrepublik-deutschland","11":"tag-de","12":"tag-deutschland","13":"tag-eu","14":"tag-europe","15":"tag-germany","16":"tag-news","17":"tag-republique-federale-dallemagne"},"share_on_mastodon":{"url":"","error":""},"_links":{"self":[{"href":"https:\/\/www.europesays.com\/fr\/wp-json\/wp\/v2\/posts\/533813","targetHints":{"allow":["GET"]}}],"collection":[{"href":"https:\/\/www.europesays.com\/fr\/wp-json\/wp\/v2\/posts"}],"about":[{"href":"https:\/\/www.europesays.com\/fr\/wp-json\/wp\/v2\/types\/post"}],"author":[{"embeddable":true,"href":"https:\/\/www.europesays.com\/fr\/wp-json\/wp\/v2\/users\/2"}],"replies":[{"embeddable":true,"href":"https:\/\/www.europesays.com\/fr\/wp-json\/wp\/v2\/comments?post=533813"}],"version-history":[{"count":0,"href":"https:\/\/www.europesays.com\/fr\/wp-json\/wp\/v2\/posts\/533813\/revisions"}],"wp:featuredmedia":[{"embeddable":true,"href":"https:\/\/www.europesays.com\/fr\/wp-json\/wp\/v2\/media\/533814"}],"wp:attachment":[{"href":"https:\/\/www.europesays.com\/fr\/wp-json\/wp\/v2\/media?parent=533813"}],"wp:term":[{"taxonomy":"category","embeddable":true,"href":"https:\/\/www.europesays.com\/fr\/wp-json\/wp\/v2\/categories?post=533813"},{"taxonomy":"post_tag","embeddable":true,"href":"https:\/\/www.europesays.com\/fr\/wp-json\/wp\/v2\/tags?post=533813"}],"curies":[{"name":"wp","href":"https:\/\/api.w.org\/{rel}","templated":true}]}}