{"id":533821,"date":"2025-11-14T14:23:13","date_gmt":"2025-11-14T14:23:13","guid":{"rendered":"https:\/\/www.europesays.com\/fr\/533821\/"},"modified":"2025-11-14T14:23:13","modified_gmt":"2025-11-14T14:23:13","slug":"grenoble-dijon-le-patron-du-bhv-annonce-le-report-de-louverture-des-cinq-boutiques-en-region","status":"publish","type":"post","link":"https:\/\/www.europesays.com\/fr\/533821\/","title":{"rendered":"Grenoble, Dijon\u2026 Le patron du BHV annonce le report de l\u2019ouverture des cinq boutiques en r\u00e9gion"},"content":{"rendered":"<p>Apr\u00e8s <a href=\"https:\/\/www.20minutes.fr\/paris\/\" class=\"c-link c-link--is-underlined\" target=\"_blank\" rel=\"noopener\">Paris<\/a> le 5\u00a0novembre, Shein devait s\u2019installer le 18\u00a0novembre \u00e0 <a href=\"https:\/\/www.20minutes.fr\/dossier\/dijon\" class=\"c-link c-link--is-underlined\" target=\"_blank\" rel=\"noopener\">Dijon<\/a> et <a href=\"https:\/\/www.20minutes.fr\/dossier\/reims\" class=\"c-link c-link--is-underlined\" target=\"_blank\" rel=\"noopener\">Reims<\/a> et le 21\u00a0novembre \u00e0 Grenoble. Deux autres points de vente, \u00e0 Angers et Limoges, devaient suivre d\u00e9but d\u00e9cembre. Mais ce vendredi, le patron du groupe SGM, auquel appartient le BHV, Fr\u00e9d\u00e9ric Merlin, a annonc\u00e9 sur <a href=\"https:\/\/www.bfmtv.com\/economie\/entreprises\/ils-devaient-ouvrir-la-semaine-prochaine-le-proprietaire-du-bhv-annonce-que-l-ouverture-des-magasins-shein-est-reportee-de-quelques-jours-ou-de-quelques-semaines_AV-202511140522.html\" target=\"_blank\" class=\"c-link c-link--is-underlined\" rel=\"noopener\">BFMTV<\/a> le report de l\u2019ouverture des cinq magasins en r\u00e9gion, sans nouvelle date.<\/p>\n<p>\u00ab\u00a0Il faut que nos \u00e9quipes soient capables de g\u00e9rer [le] flux [de nouveaux clients], il faut qu\u2019on adapte l\u2019offre, il faut qu\u2019on adapte la politique de prix\u00a0\u00bb, justifie-t-il pour expliquer ce report. Il serait de \u00ab\u00a0quelques jours ou de quelques semaines\u00a0\u00bb.<\/p>\n<\/p>\n<p>Lors de sa premi\u00e8re demi-semaine d\u2019ouverture, entre mercredi et dimanche, 50.000 personnes se sont bouscul\u00e9es dans les trav\u00e9es du premier magasin physique p\u00e9renne au monde de la marque, selon la SGM. Mais l\u2019enseigne asiatique bas\u00e9e \u00e0 Singapour est dans le viseur des autorit\u00e9s fran\u00e7aises, apr\u00e8s le scandale de la vente de poup\u00e9es p\u00e9dopornographiques et d\u2019armes de cat\u00e9gorie A, sur sa marketplace en ligne.<\/p>\n<p>Les implantations r\u00e9gionales de Shein devaient s\u2019effectuer dans des magasins r\u00e9cemment exploit\u00e9s par la SGM et anciennement sous l\u2019enseigne Galeries Lafayette. Ces \u00e9tablissements seront prochainement rebaptis\u00e9s BHV, apr\u00e8s la rupture du contrat liant \u00e0 la SGM le groupe Galeries Lafayette, ce dernier refusant d\u00e9sormais toute association avec Shein.<\/p>\n<p>La demande de suspension de Shein examin\u00e9e le 26\u00a0novembre<\/p>\n<p>Si elle draine depuis le 5\u00a0novembre une foule importante, l\u2019arriv\u00e9e de la marque d\u2019ultrafast-fashion au BHV de Paris entra\u00eene \u00e9galement de nombreuses r\u00e9actions. Dior, Guerlain ou encore Sandro ont ainsi quitt\u00e9 le grand magasin parisien, d\u00e9j\u00e0 d\u00e9sert\u00e9 par de nombreuses marques l\u2019accusant de retards de paiement ou s\u2019opposant \u00e0 la pr\u00e9sence du g\u00e9ant asiatique dans ses murs auquel elles ne souhaitent pas \u00eatre associ\u00e9es.<\/p>\n<p>Par ailleurs, la demande de suspension de la plateforme en France, d\u00e9pos\u00e9e \u00e0 la demande du Premier ministre, sera examin\u00e9e par le tribunal de Paris le 26\u00a0novembre. Le juge des r\u00e9f\u00e9r\u00e9s du tribunal judiciaire de Paris sera amen\u00e9 \u00e0 statuer sur cette suspension, le temps que Shein d\u00e9montre que l\u2019ensemble des produits disponibles \u00e0 la vente en France sont en conformit\u00e9 avec les lois et r\u00e8glements fran\u00e7ais.<\/p>\n<p><a href=\"https:\/\/www.20minutes.fr\/monde\/shein\/\" class=\"c-link c-btn c-btn--primary\" target=\"_blank\" rel=\"noopener\">Notre dossier sur Shein<\/a><\/p>\n<p>De son c\u00f4t\u00e9, le maire \u00e9cologiste de Grenoble \u00c9ric Piolle, a demand\u00e9 \u00e0 la SGM de \u00ab\u00a0suspendre\u00a0\u00bb l\u2019arriv\u00e9e de Shein dans l\u2019attente de garanties sur le contr\u00f4le de la l\u00e9galit\u00e9 des produits.<\/p>\n","protected":false},"excerpt":{"rendered":"Apr\u00e8s Paris le 5\u00a0novembre, Shein devait s\u2019installer le 18\u00a0novembre \u00e0 Dijon et Reims et le 21\u00a0novembre \u00e0 Grenoble.&hellip;\n","protected":false},"author":2,"featured_media":533822,"comment_status":"","ping_status":"","sticky":false,"template":"","format":"standard","meta":{"footnotes":""},"categories":[2],"tags":[47,11,2719,2718,2930,33,1011,27,775,8528,2193,8529,12650,12,2219,4243,25,1104],"class_list":{"0":"post-533821","1":"post","2":"type-post","3":"status-publish","4":"format-standard","5":"has-post-thumbnail","7":"category-actualites","8":"tag-actualite","9":"tag-actualites","10":"tag-bourgogne","11":"tag-bourgogne-franche-comte","12":"tag-dijon","13":"tag-economie","14":"tag-fr","15":"tag-france","16":"tag-grand-est","17":"tag-haute-vienne","18":"tag-limoges","19":"tag-limousin","20":"tag-marne","21":"tag-news","22":"tag-nouvelle-aquitaine","23":"tag-reims","24":"tag-republique-francaise","25":"tag-shein"},"share_on_mastodon":{"url":"https:\/\/pubeurope.com\/@fr\/115548507779186590","error":""},"_links":{"self":[{"href":"https:\/\/www.europesays.com\/fr\/wp-json\/wp\/v2\/posts\/533821","targetHints":{"allow":["GET"]}}],"collection":[{"href":"https:\/\/www.europesays.com\/fr\/wp-json\/wp\/v2\/posts"}],"about":[{"href":"https:\/\/www.europesays.com\/fr\/wp-json\/wp\/v2\/types\/post"}],"author":[{"embeddable":true,"href":"https:\/\/www.europesays.com\/fr\/wp-json\/wp\/v2\/users\/2"}],"replies":[{"embeddable":true,"href":"https:\/\/www.europesays.com\/fr\/wp-json\/wp\/v2\/comments?post=533821"}],"version-history":[{"count":0,"href":"https:\/\/www.europesays.com\/fr\/wp-json\/wp\/v2\/posts\/533821\/revisions"}],"wp:featuredmedia":[{"embeddable":true,"href":"https:\/\/www.europesays.com\/fr\/wp-json\/wp\/v2\/media\/533822"}],"wp:attachment":[{"href":"https:\/\/www.europesays.com\/fr\/wp-json\/wp\/v2\/media?parent=533821"}],"wp:term":[{"taxonomy":"category","embeddable":true,"href":"https:\/\/www.europesays.com\/fr\/wp-json\/wp\/v2\/categories?post=533821"},{"taxonomy":"post_tag","embeddable":true,"href":"https:\/\/www.europesays.com\/fr\/wp-json\/wp\/v2\/tags?post=533821"}],"curies":[{"name":"wp","href":"https:\/\/api.w.org\/{rel}","templated":true}]}}