{"id":533825,"date":"2025-11-14T14:25:11","date_gmt":"2025-11-14T14:25:11","guid":{"rendered":"https:\/\/www.europesays.com\/fr\/533825\/"},"modified":"2025-11-14T14:25:11","modified_gmt":"2025-11-14T14:25:11","slug":"hojgaard-en-tete-a-dubai-saddier-et-couvra-sous-le-par-apres-le-deuxieme-tour-du-dp-world-tour-championship-lequipe","status":"publish","type":"post","link":"https:\/\/www.europesays.com\/fr\/533825\/","title":{"rendered":"Hojgaard en t\u00eate \u00e0 Duba\u00ef, Saddier et Couvra sous le par apr\u00e8s le deuxi\u00e8me tour du DP World Tour Championship &#8211; L&#039;\u00c9quipe"},"content":{"rendered":"<ol>\n<li><a href=\"https:\/\/news.google.com\/rss\/articles\/CBMi6gFBVV95cUxPblN6SGE4cUU2LXlmMHJrcnU0Z3hSQnZDOG9nOXozUjBvMVExRU01SW9sd0Y0V2ZqS21XZ1praVpaSTRVdXI5cjVDMWwwOEdFeWRzMHFxcWpPRm9BLTQxOWZrTERsaVNiZHJrWGNLdm01V1J6MDRjRW10d1JJUHFwTjl2Q2ZxMlBuSHJJWkV6OXBfOXFPU1pNNmpKUXFTWVBPZE4yY0lLLTB3LThScDJFUFVhbUt2RkhGWUFYRE85VFdlSzJILUk4OGtxa3FJeHVQQ2RtQV9nY3IydGt0a3FfTmxGWkRRdDZXdHc?oc=5\" target=\"_blank\" rel=\"nofollow noopener\">Hojgaard en t\u00eate \u00e0 Duba\u00ef, Saddier et Couvra sous le par apr\u00e8s le deuxi\u00e8me tour du DP World Tour Championship<\/a>&nbsp;&nbsp;L&rsquo;\u00c9quipe<\/li>\n<li><a href=\"https:\/\/news.google.com\/rss\/articles\/CBMi6AFBVV95cUxPRGtUX21jY0FqbXZmcVg5OFJBV1lzWHlDTko3NnFQbFhTTkdYeFRsdmFrb2ZMZmQyZHlVNHBNb0p4TjV0MktoM2pvMl9SUGdqLW43emhnVXE0WUlUQ0k5emc3Nm1IaVlWMzlxcTNCUHM5OVFaSHN4UC03ZnRyTmJoVHRUTVRXNUpWMWlCTC1zZ0xZTWVJTklDZEs1a1dKNmh3YWpjQmthcXJKaG1SQUVjUDVWcmxnVVpKM1hlY2NrVDI4OWlPa1JaNEJRQ1lnYzRwQWFFUHJLLUMzdmJrR3dBc0w4ODQ5ZEdM?oc=5\" target=\"_blank\" rel=\"nofollow noopener\">Adrien Saddier et Martin Couvra au-dessus du par apr\u00e8s la premi\u00e8re journ\u00e9e \u00e0 la finale de la Race to Duba\u00ef<\/a>&nbsp;&nbsp;L&rsquo;\u00c9quipe<\/li>\n<li><a href=\"https:\/\/news.google.com\/rss\/articles\/CBMiqwFBVV95cUxQQ0xaUi1fR3BfVGpFaTJqZjVuVEZFa3FCcnRQTklBQkEzY3E3T0hPbmNqVDRGN2hMckEtZUhnY0VQbElLTnNPVnBLNU1PSndpVm1tRVQxOUNGQU5OcWNhVTkxT3RoUzgtSnZweEJsQnNnNjRHSGp4XzU5T2Q4V1FHMVlLN1VucmlHNHV3a0k3cnlURW8yX0ZUSEQyUEg4WFJHUXBaV2RXd3o5ZE0?oc=5\" target=\"_blank\" rel=\"nofollow noopener\">DP World Tour Championship : Les Fran\u00e7ais r\u00e9agissent<\/a>&nbsp;&nbsp;F\u00e9d\u00e9ration fran\u00e7aise de golf (ffgolf)<\/li>\n<li><a href=\"https:\/\/news.google.com\/rss\/articles\/CBMijwFBVV95cUxPTWYtTmwzcEhWT3FhNFRld2RyLU1EaTlEMS1sX2N1VWo3bUc1QjMxZ1RMRDQwMXNDNHRyVk9xeTQ3R2JIS1BIYXpZUVNtT3kxV3N5UWFjaXh4c0tiY2U1a0ZSMlQ2amlsbGZzWGxRTzlyc0dzVDRIeDZBQlJkWXRuVC1pWF82bWRoOG1FNWZBOA?oc=5\" target=\"_blank\" rel=\"nofollow noopener\">Saddier et Couvra reprennent confiance \u00e0 Duba\u00ef<\/a>&nbsp;&nbsp;Golf Plan\u00e8te<\/li>\n<li><a href=\"https:\/\/news.google.com\/rss\/articles\/CBMijwJBVV95cUxPTks1ODJRaVFQa0FWOWtzZ2xXZUV4YTFhZVZzS0tPWlVvRFdOWXRoZi1kRE1BdVhPcmFPTFRrUGJjVnVyQ0JGNTJ1Tjd5RDhlUmNqQjhqX0FTbGRtOFduMGZDYmR5YjVOZnVuMDlTMVRTMERYTEJUajJvclUwek5rYmtWdm4zcUpkSDBfaURGUTJFc0oxV3lVMnBTU2hsX1czM2MxTHB1cGE4UF8wWll1ak5XRlFpU1NHdTlJbWh4RE1haGNXTlFad052YWJzcFBKT2ZlVC1RZXA2MmZxRkdSclAxQ1RBTDhDT2h3QXp2dWNvTE9NZzZzSW95RG5EMlo5VVhNQXNnbmNTY08xRmZB?oc=5\" target=\"_blank\" rel=\"nofollow noopener\">Golf. Finale Race to Duba\u00ef: Nicolai Hojgaard avec une avance de trois coups sur 5 \u00ab gros clients \u00bb<\/a>&nbsp;&nbsp;Ouest-France<\/li>\n<\/ol>\n","protected":false},"excerpt":{"rendered":"Hojgaard en t\u00eate \u00e0 Duba\u00ef, Saddier et Couvra sous le par apr\u00e8s le deuxi\u00e8me tour du DP World&hellip;\n","protected":false},"author":2,"featured_media":533826,"comment_status":"","ping_status":"","sticky":false,"template":"","format":"standard","meta":{"footnotes":""},"categories":[1418],"tags":[1011,27,1472,60],"class_list":{"0":"post-533825","1":"post","2":"type-post","3":"status-publish","4":"format-standard","5":"has-post-thumbnail","7":"category-golf","8":"tag-fr","9":"tag-france","10":"tag-golf","11":"tag-sports"},"share_on_mastodon":{"url":"https:\/\/pubeurope.com\/@fr\/115548515435225486","error":""},"_links":{"self":[{"href":"https:\/\/www.europesays.com\/fr\/wp-json\/wp\/v2\/posts\/533825","targetHints":{"allow":["GET"]}}],"collection":[{"href":"https:\/\/www.europesays.com\/fr\/wp-json\/wp\/v2\/posts"}],"about":[{"href":"https:\/\/www.europesays.com\/fr\/wp-json\/wp\/v2\/types\/post"}],"author":[{"embeddable":true,"href":"https:\/\/www.europesays.com\/fr\/wp-json\/wp\/v2\/users\/2"}],"replies":[{"embeddable":true,"href":"https:\/\/www.europesays.com\/fr\/wp-json\/wp\/v2\/comments?post=533825"}],"version-history":[{"count":0,"href":"https:\/\/www.europesays.com\/fr\/wp-json\/wp\/v2\/posts\/533825\/revisions"}],"wp:featuredmedia":[{"embeddable":true,"href":"https:\/\/www.europesays.com\/fr\/wp-json\/wp\/v2\/media\/533826"}],"wp:attachment":[{"href":"https:\/\/www.europesays.com\/fr\/wp-json\/wp\/v2\/media?parent=533825"}],"wp:term":[{"taxonomy":"category","embeddable":true,"href":"https:\/\/www.europesays.com\/fr\/wp-json\/wp\/v2\/categories?post=533825"},{"taxonomy":"post_tag","embeddable":true,"href":"https:\/\/www.europesays.com\/fr\/wp-json\/wp\/v2\/tags?post=533825"}],"curies":[{"name":"wp","href":"https:\/\/api.w.org\/{rel}","templated":true}]}}