{"id":533827,"date":"2025-11-14T14:27:12","date_gmt":"2025-11-14T14:27:12","guid":{"rendered":"https:\/\/www.europesays.com\/fr\/533827\/"},"modified":"2025-11-14T14:27:12","modified_gmt":"2025-11-14T14:27:12","slug":"guys-noves-en-admiration-devant-un-joueur-et-ce-nest-pas-un-toulousain","status":"publish","type":"post","link":"https:\/\/www.europesays.com\/fr\/533827\/","title":{"rendered":"Guys Nov\u00e8s en admiration devant un joueur\u2026 et ce n\u2019est pas un Toulousain !"},"content":{"rendered":"<p>L\u2019ancien manager du Stade-Toulousain et ex-s\u00e9lectionneur du XV de France, Guy Nov\u00e8s s\u2019est confi\u00e9 dans les colonnes du journal <a href=\"https:\/\/www.lefigaro.fr\/sports\/rugby\/xv-de-france\/quand-il-a-les-ballons-et-les-espaces-c-est-l-un-des-meilleurs-ailiers-du-monde-damian-penaud-l-atypique-recordman-du-xv-de-france-20251114\" rel=\"nofollow noopener\" target=\"_blank\">Le Figaro<\/a>.<\/p>\n<p>Au cours de cet entretien, le technicien Fran\u00e7ais a encens\u00e9 un international Fran\u00e7ais.<\/p>\n<p>Et pour une fois, ce n\u2019est pas un joueur Toulousain.<\/p>\n<p>En effet, Guy Nov\u00e8s a dit le plus grand bien de l\u2019ailier Damian Penaud.<\/p>\n<p>Il se dit admiratif du joueur Bordelais.<\/p>\n<p>La seule chose qu\u2019il lui reproche ? D\u2019\u00eatre parfois trop renferm\u00e9 sur lui-m\u00eame.<\/p>\n<p><strong>A lire ci-dessous :<\/strong><\/p>\n<p>\u00ab Je suis admiratif de son efficacit\u00e9, que ce soit en \u00e9quipe de France ou en club. Franchement, il est \u00e9poustouflant. J\u2019ai eu la chance d\u2019avoir son papa Alain comme demi d\u2019ouverture \u00e0 Toulouse, qui \u00e9tait d\u00e9j\u00e0 une forme de petit g\u00e9nie de l\u2019\u00e9poque. Damian est un g\u00e9nie encore plus important \u00e0 l\u2019heure actuelle. Qu\u2019il batte ce record, c\u2019est presque normal tellement il est efficace. <\/p>\n<p>Honn\u00eatement, je le trouve d\u2019une efficacit\u00e9 redoutable. Aujourd\u2019hui, d\u00e9zoner, c\u2019est devenu le smic, pour les ailiers. \u00c0 mon \u00e9poque, quand je jouais ailier, on ne quittait pas son aile\u2026 D\u00e9sormais, on demande aux ailiers de venir participer au jeu, de rajouter un potentiel surnombre. Et c\u2019est quelque chose que Damian fait tr\u00e8s bien, il apporte du danger \u00e0 chacune de ses interventions. Il fait souvent du travers pour \u00e9viter ses adversaires, mais il le fait \u00e0 bon escient. <\/p>\n<p>Le seul b\u00e9mol, je dirais, c\u2019est qu\u2019on a parfois l\u2019impression qu\u2019il est un peu renferm\u00e9 sur lui-m\u00eame. Alors que sur le terrain il s\u2019exprime avec un g\u00e9nie \u00e9norme et un talent qui est fabuleux. \u00bb<\/p>\n","protected":false},"excerpt":{"rendered":"L\u2019ancien manager du Stade-Toulousain et ex-s\u00e9lectionneur du XV de France, Guy Nov\u00e8s s\u2019est confi\u00e9 dans les colonnes du&hellip;\n","protected":false},"author":2,"featured_media":533828,"comment_status":"","ping_status":"","sticky":false,"template":"","format":"standard","meta":{"footnotes":""},"categories":[1416],"tags":[1011,27,479,1468,60],"class_list":{"0":"post-533827","1":"post","2":"type-post","3":"status-publish","4":"format-standard","5":"has-post-thumbnail","7":"category-rugby","8":"tag-fr","9":"tag-france","10":"tag-rugby","11":"tag-rugby-football","12":"tag-sports"},"share_on_mastodon":{"url":"https:\/\/pubeurope.com\/@fr\/115548523405878903","error":""},"_links":{"self":[{"href":"https:\/\/www.europesays.com\/fr\/wp-json\/wp\/v2\/posts\/533827","targetHints":{"allow":["GET"]}}],"collection":[{"href":"https:\/\/www.europesays.com\/fr\/wp-json\/wp\/v2\/posts"}],"about":[{"href":"https:\/\/www.europesays.com\/fr\/wp-json\/wp\/v2\/types\/post"}],"author":[{"embeddable":true,"href":"https:\/\/www.europesays.com\/fr\/wp-json\/wp\/v2\/users\/2"}],"replies":[{"embeddable":true,"href":"https:\/\/www.europesays.com\/fr\/wp-json\/wp\/v2\/comments?post=533827"}],"version-history":[{"count":0,"href":"https:\/\/www.europesays.com\/fr\/wp-json\/wp\/v2\/posts\/533827\/revisions"}],"wp:featuredmedia":[{"embeddable":true,"href":"https:\/\/www.europesays.com\/fr\/wp-json\/wp\/v2\/media\/533828"}],"wp:attachment":[{"href":"https:\/\/www.europesays.com\/fr\/wp-json\/wp\/v2\/media?parent=533827"}],"wp:term":[{"taxonomy":"category","embeddable":true,"href":"https:\/\/www.europesays.com\/fr\/wp-json\/wp\/v2\/categories?post=533827"},{"taxonomy":"post_tag","embeddable":true,"href":"https:\/\/www.europesays.com\/fr\/wp-json\/wp\/v2\/tags?post=533827"}],"curies":[{"name":"wp","href":"https:\/\/api.w.org\/{rel}","templated":true}]}}