{"id":533829,"date":"2025-11-14T14:28:13","date_gmt":"2025-11-14T14:28:13","guid":{"rendered":"https:\/\/www.europesays.com\/fr\/533829\/"},"modified":"2025-11-14T14:28:13","modified_gmt":"2025-11-14T14:28:13","slug":"atp-wta-flavia-pennetta-jannik-sinner-est-quelquun-de-serieux-il-sait-ce-quil-veut-et-il-vient-dune-famille-formidable-cest-un-trait-commun-si-je-pense-aux-origines-familiales-de-musetti","status":"publish","type":"post","link":"https:\/\/www.europesays.com\/fr\/533829\/","title":{"rendered":"ATP &#8211; WTA > Flavia Pennetta : \u00ab\u00a0Jannik Sinner est quelqu&rsquo;un de s\u00e9rieux, il sait ce qu&rsquo;il veut et il vient d&rsquo;une famille formidable. C&rsquo;est un trait commun si je pense aux origines familiales de Musetti, Paolini, Cobolli\u00a0\u00bb"},"content":{"rendered":"<p>L\u2019ancienne cham\u00adpionne italienne a bien voulu \u00e9voquer le pour\u00adquoi et le comment de la supr\u00e9\u00admatie italienne dans le tennis mondial. C\u2019est aussi li\u00e9 \u00e0 une \u00e9duca\u00adtion tr\u00e8s pr\u00e9cise.<\/p>\n<p><strong>\u00ab\u202fLa parti\u00adci\u00adpa\u00adtion de Jannik aux Jeux olym\u00adpiques de Los Angeles en 2028\u202f? Le calen\u00addrier tennis\u00adtique est jalonn\u00e9 d\u2019\u00e9v\u00e9\u00adne\u00adments impor\u00adtants chaque ann\u00e9e, mais je pense qu\u2019il peut tout \u00e0 fait envi\u00adsager de parti\u00adciper \u00e0 une comp\u00e9\u00adti\u00adtion aussi pres\u00adti\u00adgieuse, \u00e0 l\u2019instar d\u2019autres grands cham\u00adpions comme Djokovic, Nadal et Federer. Jannik est quel\u00adqu\u2019un de s\u00e9rieux, il sait ce qu\u2019il veut et il vient d\u2019une famille formi\u00addable. C\u2019est un trait commun si je pense aux origines fami\u00adliales de Musetti, Paolini, Flavio Cobolli et si je les compare \u00e0 celles de ma g\u00e9n\u00e9ration.\u202f\u00bb<\/strong><\/p>\n<p class=\"post-published-date\" style=\"color: silver; font-size: 75%; text-align: left;\">Publi\u00e9 le vendredi 14 novembre 2025 \u00e0 11:20<\/p>\n","protected":false},"excerpt":{"rendered":"L\u2019ancienne cham\u00adpionne italienne a bien voulu \u00e9voquer le pour\u00adquoi et le comment de la supr\u00e9\u00admatie italienne dans le&hellip;\n","protected":false},"author":2,"featured_media":533830,"comment_status":"","ping_status":"","sticky":false,"template":"","format":"standard","meta":{"footnotes":""},"categories":[1415],"tags":[105,2199,1011,27,1960,2126,2127,60,1467],"class_list":{"0":"post-533829","1":"post","2":"type-post","3":"status-publish","4":"format-standard","5":"has-post-thumbnail","7":"category-tennis","8":"tag-djokovic","9":"tag-federer","10":"tag-fr","11":"tag-france","12":"tag-nadal","13":"tag-paolini","14":"tag-sinner","15":"tag-sports","16":"tag-tennis"},"share_on_mastodon":{"url":"https:\/\/pubeurope.com\/@fr\/115548527211058081","error":""},"_links":{"self":[{"href":"https:\/\/www.europesays.com\/fr\/wp-json\/wp\/v2\/posts\/533829","targetHints":{"allow":["GET"]}}],"collection":[{"href":"https:\/\/www.europesays.com\/fr\/wp-json\/wp\/v2\/posts"}],"about":[{"href":"https:\/\/www.europesays.com\/fr\/wp-json\/wp\/v2\/types\/post"}],"author":[{"embeddable":true,"href":"https:\/\/www.europesays.com\/fr\/wp-json\/wp\/v2\/users\/2"}],"replies":[{"embeddable":true,"href":"https:\/\/www.europesays.com\/fr\/wp-json\/wp\/v2\/comments?post=533829"}],"version-history":[{"count":0,"href":"https:\/\/www.europesays.com\/fr\/wp-json\/wp\/v2\/posts\/533829\/revisions"}],"wp:featuredmedia":[{"embeddable":true,"href":"https:\/\/www.europesays.com\/fr\/wp-json\/wp\/v2\/media\/533830"}],"wp:attachment":[{"href":"https:\/\/www.europesays.com\/fr\/wp-json\/wp\/v2\/media?parent=533829"}],"wp:term":[{"taxonomy":"category","embeddable":true,"href":"https:\/\/www.europesays.com\/fr\/wp-json\/wp\/v2\/categories?post=533829"},{"taxonomy":"post_tag","embeddable":true,"href":"https:\/\/www.europesays.com\/fr\/wp-json\/wp\/v2\/tags?post=533829"}],"curies":[{"name":"wp","href":"https:\/\/api.w.org\/{rel}","templated":true}]}}