{"id":533843,"date":"2025-11-14T14:39:24","date_gmt":"2025-11-14T14:39:24","guid":{"rendered":"https:\/\/www.europesays.com\/fr\/533843\/"},"modified":"2025-11-14T14:39:24","modified_gmt":"2025-11-14T14:39:24","slug":"deux-films-de-saje-dans-le-top-20-de-la-semaine","status":"publish","type":"post","link":"https:\/\/www.europesays.com\/fr\/533843\/","title":{"rendered":"Deux films de Saje dans le Top 20 de la semaine."},"content":{"rendered":"<p>Le film d\u2019animation Le Roi des rois <a href=\"https:\/\/presseagence.fr\/paris-deux-films-dans-le-top-20-de-la-semaine-saje-distribution\/\" rel=\"nofollow noopener\" target=\"_blank\">cumule<\/a> <strong>84 581 entr\u00e9es<\/strong>\u00a0pour sa premi\u00e8re semaine, prenant la t\u00eate du classement des films d\u2019animation, 4e\u00a0des nouveaut\u00e9s de la semaine et\u00a0<strong>10e\u00a0du classement g\u00e9n\u00e9ral<\/strong>\u00a0des films \u00e0 l\u2019affiche. En 2e semaine, Le Roi des rois sera diffus\u00e9\u00a0sur plus de 300 copies en France.<\/p>\n<p>De son c\u00f4t\u00e9, Sacr\u00e9 Coeur franchit au terme de sa 6e\u00a0semaine d\u2019exploitation le cap des 400 000 entr\u00e9es en affichant un\u00a0<strong>cumul \u00e0 409 396 entr\u00e9es<\/strong>, avec la 15e\u00a0place du classement des films \u00e0 l\u2019affiche. Il sera diffus\u00e9 pour sa 7e semaine sur\u00a0348 copies en France. Il est \u00e9galement \u00e0 l\u2019affiche en Belgique, en Suisse, au Luxembourg, \u00e0 Monaco, en Tunisie, en C\u00f4te d\u2019Ivoire (3 418 entr\u00e9es), S\u00e9n\u00e9gal, Cameroun, RDC, B\u00e9nin, Burkina Faso, Togo. Il sera diffus\u00e9 au cin\u00e9ma au Liban et au Canada en d\u00e9cembre.<\/p>\n<p>Ces deux films pr\u00e9sentent les meilleures moyennes par s\u00e9ance (hors avant-premi\u00e8res) du Top 20.<\/p>\n<p>&#13;<br \/>\n\t\t\t\t Vues des publications: 1\u00a0515&#13;\n\t\t\t<\/p>\n","protected":false},"excerpt":{"rendered":"Le film d\u2019animation Le Roi des rois cumule 84 581 entr\u00e9es\u00a0pour sa premi\u00e8re semaine, prenant la t\u00eate du&hellip;\n","protected":false},"author":2,"featured_media":533844,"comment_status":"","ping_status":"","sticky":false,"template":"","format":"standard","meta":{"footnotes":""},"categories":[1354],"tags":[58,59,1346,1011,27,1360],"class_list":{"0":"post-533843","1":"post","2":"type-post","3":"status-publish","4":"format-standard","5":"has-post-thumbnail","7":"category-films","8":"tag-divertissement","9":"tag-entertainment","10":"tag-films","11":"tag-fr","12":"tag-france","13":"tag-movies"},"share_on_mastodon":{"url":"https:\/\/pubeurope.com\/@fr\/115548570459613795","error":""},"_links":{"self":[{"href":"https:\/\/www.europesays.com\/fr\/wp-json\/wp\/v2\/posts\/533843","targetHints":{"allow":["GET"]}}],"collection":[{"href":"https:\/\/www.europesays.com\/fr\/wp-json\/wp\/v2\/posts"}],"about":[{"href":"https:\/\/www.europesays.com\/fr\/wp-json\/wp\/v2\/types\/post"}],"author":[{"embeddable":true,"href":"https:\/\/www.europesays.com\/fr\/wp-json\/wp\/v2\/users\/2"}],"replies":[{"embeddable":true,"href":"https:\/\/www.europesays.com\/fr\/wp-json\/wp\/v2\/comments?post=533843"}],"version-history":[{"count":0,"href":"https:\/\/www.europesays.com\/fr\/wp-json\/wp\/v2\/posts\/533843\/revisions"}],"wp:featuredmedia":[{"embeddable":true,"href":"https:\/\/www.europesays.com\/fr\/wp-json\/wp\/v2\/media\/533844"}],"wp:attachment":[{"href":"https:\/\/www.europesays.com\/fr\/wp-json\/wp\/v2\/media?parent=533843"}],"wp:term":[{"taxonomy":"category","embeddable":true,"href":"https:\/\/www.europesays.com\/fr\/wp-json\/wp\/v2\/categories?post=533843"},{"taxonomy":"post_tag","embeddable":true,"href":"https:\/\/www.europesays.com\/fr\/wp-json\/wp\/v2\/tags?post=533843"}],"curies":[{"name":"wp","href":"https:\/\/api.w.org\/{rel}","templated":true}]}}