{"id":533847,"date":"2025-11-14T14:41:11","date_gmt":"2025-11-14T14:41:11","guid":{"rendered":"https:\/\/www.europesays.com\/fr\/533847\/"},"modified":"2025-11-14T14:41:11","modified_gmt":"2025-11-14T14:41:11","slug":"bertrand-latour-devoile-le-mercato-de-reve-du-psg","status":"publish","type":"post","link":"https:\/\/www.europesays.com\/fr\/533847\/","title":{"rendered":"Bertrand Latour d\u00e9voile le mercato de r\u00eave du PSG"},"content":{"rendered":"<p><b>Le Paris Saint-Germain s\u2019active sur ce mercato hivernal.<br \/>\nLuis Campos travaille pour renforcer l\u2019effectif de Luis Enrique. Avec la<br \/>\ncascade de bless\u00e9s, le club de la capitale doit \u00e9toffer son effectif sans le<br \/>\nsurcharger. Certains observateurs ont song\u00e9 \u00e0 renforcer deux postes en<br \/>\npriorit\u00e9.<\/b><\/p>\n<p>Le Paris Saint-Germain ne vit pas un long fleuve tranquille<br \/>\nen ce d\u00e9but de saison. Le club de la capitale encha\u00eene les blessures et <a href=\"https:\/\/www.foot01.com\/paris\" target=\"_self\" rel=\"nofollow noopener\">Luis<br \/>\nEnrique<\/a> doit bricoler avec les joueurs restants. Dans quelques semaines, le<br \/>\nmercato hivernal va ouvrir ses portes et le club de la capitale compte \u00eatre<br \/>\nactif. \u00c0 l\u2019image de l\u2019an dernier avec la venue de Khvicha Kvaratskhelia, le<br \/>\nvainqueur de la Ligue des champions va ajouter un ou deux noms de plus dans son<br \/>\neffectif. Certains observateurs ont sugg\u00e9r\u00e9 deux postes \u00e0 renforcer absolument<br \/>\ndu c\u00f4t\u00e9 du PSG.Bertrand Latour cible deux renforts<\/p>\n<p>Sur Canal+, Bertrand Latour a<br \/>\nexpliqu\u00e9 que selon lui le PSG devait cibler un d\u00e9fenseur polyvalent et un<br \/>\nailier pour se renforcer cet hiver. \u00ab\u00a0Moi, la priorit\u00e9 c&rsquo;est de prendre un<br \/>\nd\u00e9fenseur polyvalent. Au poste de d\u00e9fenseur central aussi, on a des<br \/>\ninterrogations sur le niveau de Beraldo. Si vous avez un joueur qui est capable<br \/>\nde faire axe et d\u00e9fenseur droit. Je prendrais \u00e9galement un ailier. Vous vous<br \/>\nrendez compte que vous avez des bless\u00e9s parfois et il n&rsquo;y a pas embouteillages<br \/>\n\u00e0 ce poste. Un ailier et un d\u00e9fenseur polyvalent, \u00e7a serait pour moi tr\u00e8s bien<br \/>\nmais ce n&rsquo;est pas facile de trouver \u00e7a en janvier,\u00a0\u00bb nuance-t-il. De son<br \/>\nc\u00f4t\u00e9, Luis Campos a sond\u00e9 l\u2019entourage de Daniel Mu\u00f1oz selon ESPN. Le lat\u00e9ral de<br \/>\nCrystal Palace est suivi par le Paris Saint-Germain. Reste \u00e0 savoir si les deux<br \/>\nclubs peuvent trouver un accord d\u00e8s cet hiver. Le PSG n\u2019est pas le seul sur le<br \/>\ndossier puisque le FC Barcelone et Chelsea sont int\u00e9ress\u00e9s.\u00a0<\/p>\n","protected":false},"excerpt":{"rendered":"Le Paris Saint-Germain s\u2019active sur ce mercato hivernal. Luis Campos travaille pour renforcer l\u2019effectif de Luis Enrique. Avec&hellip;\n","protected":false},"author":2,"featured_media":533848,"comment_status":"","ping_status":"","sticky":false,"template":"","format":"standard","meta":{"footnotes":""},"categories":[9],"tags":[1011,27,93,60],"class_list":{"0":"post-533847","1":"post","2":"type-post","3":"status-publish","4":"format-standard","5":"has-post-thumbnail","7":"category-sports","8":"tag-fr","9":"tag-france","10":"tag-psg","11":"tag-sports"},"share_on_mastodon":{"url":"https:\/\/pubeurope.com\/@fr\/115548578452271476","error":""},"_links":{"self":[{"href":"https:\/\/www.europesays.com\/fr\/wp-json\/wp\/v2\/posts\/533847","targetHints":{"allow":["GET"]}}],"collection":[{"href":"https:\/\/www.europesays.com\/fr\/wp-json\/wp\/v2\/posts"}],"about":[{"href":"https:\/\/www.europesays.com\/fr\/wp-json\/wp\/v2\/types\/post"}],"author":[{"embeddable":true,"href":"https:\/\/www.europesays.com\/fr\/wp-json\/wp\/v2\/users\/2"}],"replies":[{"embeddable":true,"href":"https:\/\/www.europesays.com\/fr\/wp-json\/wp\/v2\/comments?post=533847"}],"version-history":[{"count":0,"href":"https:\/\/www.europesays.com\/fr\/wp-json\/wp\/v2\/posts\/533847\/revisions"}],"wp:featuredmedia":[{"embeddable":true,"href":"https:\/\/www.europesays.com\/fr\/wp-json\/wp\/v2\/media\/533848"}],"wp:attachment":[{"href":"https:\/\/www.europesays.com\/fr\/wp-json\/wp\/v2\/media?parent=533847"}],"wp:term":[{"taxonomy":"category","embeddable":true,"href":"https:\/\/www.europesays.com\/fr\/wp-json\/wp\/v2\/categories?post=533847"},{"taxonomy":"post_tag","embeddable":true,"href":"https:\/\/www.europesays.com\/fr\/wp-json\/wp\/v2\/tags?post=533847"}],"curies":[{"name":"wp","href":"https:\/\/api.w.org\/{rel}","templated":true}]}}