{"id":533855,"date":"2025-11-14T14:46:15","date_gmt":"2025-11-14T14:46:15","guid":{"rendered":"https:\/\/www.europesays.com\/fr\/533855\/"},"modified":"2025-11-14T14:46:15","modified_gmt":"2025-11-14T14:46:15","slug":"laurence-des-cars-entendue-a-lassemblee-sur-fond-de-reorganisation-de-la-securite-du-musee","status":"publish","type":"post","link":"https:\/\/www.europesays.com\/fr\/533855\/","title":{"rendered":"Laurence des Cars entendue \u00e0 l\u2019Assembl\u00e9e sur fond de r\u00e9organisation de la s\u00e9curit\u00e9 du mus\u00e9e"},"content":{"rendered":"<p>\n    <strong>INFO LE FIGARO &#8211;<\/strong> Un mois jour pour jour apr\u00e8s le vol de la galerie d\u2019Apollon, la pr\u00e9sidente du mus\u00e9e va \u00eatre interrog\u00e9e par la commission des Affaires culturelles, notamment sur la r\u00e9organisation de la direction du mus\u00e9e.<\/p>\n<p class=\"fig-paragraph\">Apr\u00e8s le S\u00e9nat, qui a\u00a0<a href=\"http:\/\/www.lefigaro.fr\/culture\/apres-le-fiasco-du-cambriolage-la-presidente-du-louvre-a-presente-sa-demission-qui-lui-a-ete-refusee-20251021\" data-fig-type=\"Article\" data-gtm-custom-categorie=\"navigation\" data-gtm-custom-action=\"crossclick\" data-gtm-custom-label=\"Contextuel\" data-gtm-event=\"customEventSPE\" data-fig-domain=\"LEFIGARO\" target=\"_blank\" rel=\"noopener\">longuement auditionn\u00e9<\/a>\u00a0la pr\u00e9sidente du Louvre, le 22\u00a0octobre, c\u2019est au tour de l\u2019Assembl\u00e9e nationale de r\u00e9clamer son moment de v\u00e9rit\u00e9. Selon nos informations,\u00a0<a href=\"http:\/\/www.lefigaro.fr\/culture\/laurence-des-cars-la-cheville-ouvriere-du-grand-louvre-d-emmanuel-macron-20251022\" data-fig-type=\"Article\" data-gtm-custom-categorie=\"navigation\" data-gtm-custom-action=\"crossclick\" data-gtm-custom-label=\"Contextuel\" data-gtm-event=\"customEventSPE\" data-fig-domain=\"LEFIGARO\" target=\"_blank\" rel=\"noopener\">Laurence des Cars<\/a>\u00a0va \u00eatre entendue le 19\u00a0novembre par les d\u00e9put\u00e9s de la commission des Affaires culturelles, pr\u00e9sid\u00e9e par Alexandre Portier (Droite r\u00e9publicaine). \u00ab\u00a0Le vol a \u00e9mu l\u2019ensemble de nos concitoyens et suscit\u00e9 de nombreuses interrogations. Il est essentiel que la pr\u00e9sidente du Louvre puisse y r\u00e9pondre \u00e0 travers les d\u00e9put\u00e9s, qui repr\u00e9sentent les Fran\u00e7ais et ont \u00e9galement la mission de contr\u00f4ler l\u2019\u00c9tat et ses op\u00e9rateurs\u00a0\u00bb, estime le d\u00e9put\u00e9 du Calvados J\u00e9r\u00e9mie Patrier-Leitus (Horizons).<\/p>\n<p class=\"fig-paragraph\">Que pourra leur dire Laurence des Cars qu\u2019elle n\u2019a d\u00e9j\u00e0 dit\u00a0? Apr\u00e8s son audition au S\u00e9nat &#8211;\u00a0deux heures pendant lesquelles elle avait admis des failles dans la s\u00e9curit\u00e9,\u00a0<a href=\"http:\/\/www.lefigaro.fr\/culture\/vol-de-bijoux-au-louvre-la-presidente-du-musee-laurence-des-cars-reconnait-des-failles-de-securite-mais-pas-de-faute-20251022\" data-fig-type=\"NewsFlash\" data-gtm-custom-categorie=\"navigation\" data-gtm-custom-action=\"crossclick\" data-gtm-custom-label=\"Contextuel\" data-gtm-event=\"customEventSPE\" data-fig-domain=\"LEFIGARO\" target=\"_blank\" rel=\"noopener\">mais pas de faute<\/a>\u00a0-, les missions se sont encha\u00een\u00e9es pour faire la lumi\u00e8re sur le vol spectaculaire de huit bijoux imp\u00e9riaux, dans la galerie d\u2019Apollon\u2026<\/p>\n<p class=\"fig-premium-paywall__infos\">\n        Cet article est r\u00e9serv\u00e9 aux abonn\u00e9s.        Il vous reste 77% \u00e0 d\u00e9couvrir.\n    <\/p>\n<p>                <img  data- alt=\"Le Figaro\" class=\"fig-img--complete fig-img\"\/><\/p>\n<p class=\"fig-premium-paywall__title\">Black Friday<\/p>\n<p class=\"fig-premium-paywall__subtitle\">-70% sur l&rsquo;abonnement num\u00e9rique<\/p>\n<p class=\"fig-premium-paywall__connect\">\n                D\u00e9j\u00e0 abonn\u00e9\u00a0?                <a class=\"fig-premium-paywall__connect-link\" href=\"https:\/\/connect.lefigaro.fr\/login?client=horizon_web&amp;type=main&amp;redirect_uri=https%3A%2F%2Fwww.lefigaro.fr%2Fculture%2Fcambriolage-au-louvre-laurence-des-cars-entendue-a-l-assemblee-sur-fond-de-reorganisation-de-la-securite-du-musee-20251114\" data-js-gtm=\"{&quot;customCategorie&quot;: &quot;conversion&quot;, &quot;customAction&quot;: &quot;before_Landing_Connexion_paywall_auto&quot;, &quot;customLabel&quot;: &quot;bGVmaWdhcm8uZnJfXzFmMGMxNTk5LThhODAtNjUwMi04OThhLWMxNzU1N2FlYzIzYV9fTmV3c0ZsYXNo_Cambriolage au Louvre\u00a0: Laurence des Cars entendue \u00e0 l\u2019Assembl\u00e9e sur fond de r\u00e9organisation de la s\u00e9curit\u00e9 du mus\u00e9e_317&quot;, &quot;customIDSPE&quot;: &quot;bGVmaWdhcm8uZnJfXzFmMGMxNTk5LThhODAtNjUwMi04OThhLWMxNzU1N2FlYzIzYV9fTmV3c0ZsYXNo&quot;, &quot;event&quot;: &quot;customEventSPE&quot;}\" target=\"_blank\" rel=\"noopener\"><br \/>\n                    Connectez-vous<br \/>\n                <\/a>\n            <\/p>\n","protected":false},"excerpt":{"rendered":"INFO LE FIGARO &#8211; Un mois jour pour jour apr\u00e8s le vol de la galerie d\u2019Apollon, la pr\u00e9sidente&hellip;\n","protected":false},"author":2,"featured_media":533856,"comment_status":"","ping_status":"","sticky":false,"template":"","format":"standard","meta":{"footnotes":""},"categories":[4],"tags":[11,1073,1011,27,11274,12,417,25,1175],"class_list":{"0":"post-533855","1":"post","2":"type-post","3":"status-publish","4":"format-standard","5":"has-post-thumbnail","7":"category-france","8":"tag-actualites","9":"tag-emmanuel-macron","10":"tag-fr","11":"tag-france","12":"tag-louvre","13":"tag-news","14":"tag-rachida-dati","15":"tag-republique-francaise","16":"tag-vol"},"share_on_mastodon":{"url":"https:\/\/pubeurope.com\/@fr\/115548598103390970","error":""},"_links":{"self":[{"href":"https:\/\/www.europesays.com\/fr\/wp-json\/wp\/v2\/posts\/533855","targetHints":{"allow":["GET"]}}],"collection":[{"href":"https:\/\/www.europesays.com\/fr\/wp-json\/wp\/v2\/posts"}],"about":[{"href":"https:\/\/www.europesays.com\/fr\/wp-json\/wp\/v2\/types\/post"}],"author":[{"embeddable":true,"href":"https:\/\/www.europesays.com\/fr\/wp-json\/wp\/v2\/users\/2"}],"replies":[{"embeddable":true,"href":"https:\/\/www.europesays.com\/fr\/wp-json\/wp\/v2\/comments?post=533855"}],"version-history":[{"count":0,"href":"https:\/\/www.europesays.com\/fr\/wp-json\/wp\/v2\/posts\/533855\/revisions"}],"wp:featuredmedia":[{"embeddable":true,"href":"https:\/\/www.europesays.com\/fr\/wp-json\/wp\/v2\/media\/533856"}],"wp:attachment":[{"href":"https:\/\/www.europesays.com\/fr\/wp-json\/wp\/v2\/media?parent=533855"}],"wp:term":[{"taxonomy":"category","embeddable":true,"href":"https:\/\/www.europesays.com\/fr\/wp-json\/wp\/v2\/categories?post=533855"},{"taxonomy":"post_tag","embeddable":true,"href":"https:\/\/www.europesays.com\/fr\/wp-json\/wp\/v2\/tags?post=533855"}],"curies":[{"name":"wp","href":"https:\/\/api.w.org\/{rel}","templated":true}]}}