{"id":533867,"date":"2025-11-14T14:52:12","date_gmt":"2025-11-14T14:52:12","guid":{"rendered":"https:\/\/www.europesays.com\/fr\/533867\/"},"modified":"2025-11-14T14:52:12","modified_gmt":"2025-11-14T14:52:12","slug":"percutee-par-une-voiture-en-pleine-nuit-une-pietonne-perd-la-vie-sur-une-autoroute-dans-le-var","status":"publish","type":"post","link":"https:\/\/www.europesays.com\/fr\/533867\/","title":{"rendered":"Percut\u00e9e par une voiture en pleine nuit, une pi\u00e9tonne perd la vie sur une autoroute dans le Var"},"content":{"rendered":"<p>Dans le Var, une pi\u00e9tonne est morte sur l\u2019autoroute\u00a0A570\u00a0\u00e0 hauteur de La Crau, apr\u00e8s avoir \u00e9t\u00e9 percut\u00e9e par une voiture qui circulait dans le sens Hy\u00e8res-La Garde. Le drame a eu lieu dans la nuit de mercredi\u00a012 \u00e0 jeudi 13\u00a0novembre 2025, vers 2\u00a0h\u00a010, rapporte\u00a0<a href=\"https:\/\/www.nicematin.com\/faits-divers\/une-femme-agee-de-30-ans-mortellement-percutee-sur-l-autoroute-a-la-crau-10656515\" target=\"_blank\" rel=\"noopener\"> Var-Matin <\/a>.<\/p>\n<p>D\u2019apr\u00e8s les premiers \u00e9l\u00e9ments, peu avant l\u2019accident, la victime a \u00e9t\u00e9 d\u00e9pos\u00e9e sur\u00a0l\u2019aire de services Saint-Augustin. Le conducteur a ensuite repris le volant tandis que la pi\u00e9tonne est repartie \u00e0 pied sur l\u2019autoroute.<\/p>\n<p>Une enqu\u00eate en cours<\/p>\n<p>La victime se trouvait dans une zone non \u00e9clair\u00e9e \u00e0 quelques dizaines de m\u00e8tres de l\u2019aire quand une voiture l\u2019a heurt\u00e9e.<\/p>\n<p>Les pompiers et le Samu ont \u00e9t\u00e9 d\u00e9p\u00each\u00e9s sur place. Malheureusement, la femme n\u2019a pas pu \u00eatre sauv\u00e9e. Elle est d\u00e9c\u00e9d\u00e9e sur les lieux de l\u2019accident. Une enqu\u00eate a \u00e9t\u00e9 ouverte pour d\u00e9terminer les circonstances des faits. Les investigations ont \u00e9t\u00e9 confi\u00e9es au d\u00e9tachement de La Garde de la CRS autorouti\u00e8re Provence.<\/p>\n<p>Pour en savoir plus\u00a0: lire l\u2019article de <a href=\"https:\/\/www.nicematin.com\/faits-divers\/une-femme-agee-de-30-ans-mortellement-percutee-sur-l-autoroute-a-la-crau-10656515\" target=\"_blank\" rel=\"noopener\"> Var-Matin <\/a>.<\/p>\n<p>\u00a0<\/p>\n","protected":false},"excerpt":{"rendered":"Dans le Var, une pi\u00e9tonne est morte sur l\u2019autoroute\u00a0A570\u00a0\u00e0 hauteur de La Crau, apr\u00e8s avoir \u00e9t\u00e9 percut\u00e9e par&hellip;\n","protected":false},"author":2,"featured_media":533868,"comment_status":"","ping_status":"","sticky":false,"template":"","format":"standard","meta":{"footnotes":""},"categories":[9619],"tags":[1111,11,6955,1777,674,1011,27,12,293,18691,1439,65338,19940,882,25,2310,7506,4717,4752],"class_list":{"0":"post-533867","1":"post","2":"type-post","3":"status-publish","4":"format-standard","5":"has-post-thumbnail","7":"category-toulon","8":"tag-actu","9":"tag-actualites","10":"tag-autoroute","11":"tag-eu","12":"tag-europe","13":"tag-fr","14":"tag-france","15":"tag-news","16":"tag-nuit","17":"tag-percutee","18":"tag-perd","19":"tag-pietonne","20":"tag-pleine","21":"tag-provence-alpes-cote-dazur","22":"tag-republique-francaise","23":"tag-toulon","24":"tag-var","25":"tag-vie","26":"tag-voiture"},"share_on_mastodon":{"url":"https:\/\/pubeurope.com\/@fr\/115548621677919807","error":""},"_links":{"self":[{"href":"https:\/\/www.europesays.com\/fr\/wp-json\/wp\/v2\/posts\/533867","targetHints":{"allow":["GET"]}}],"collection":[{"href":"https:\/\/www.europesays.com\/fr\/wp-json\/wp\/v2\/posts"}],"about":[{"href":"https:\/\/www.europesays.com\/fr\/wp-json\/wp\/v2\/types\/post"}],"author":[{"embeddable":true,"href":"https:\/\/www.europesays.com\/fr\/wp-json\/wp\/v2\/users\/2"}],"replies":[{"embeddable":true,"href":"https:\/\/www.europesays.com\/fr\/wp-json\/wp\/v2\/comments?post=533867"}],"version-history":[{"count":0,"href":"https:\/\/www.europesays.com\/fr\/wp-json\/wp\/v2\/posts\/533867\/revisions"}],"wp:featuredmedia":[{"embeddable":true,"href":"https:\/\/www.europesays.com\/fr\/wp-json\/wp\/v2\/media\/533868"}],"wp:attachment":[{"href":"https:\/\/www.europesays.com\/fr\/wp-json\/wp\/v2\/media?parent=533867"}],"wp:term":[{"taxonomy":"category","embeddable":true,"href":"https:\/\/www.europesays.com\/fr\/wp-json\/wp\/v2\/categories?post=533867"},{"taxonomy":"post_tag","embeddable":true,"href":"https:\/\/www.europesays.com\/fr\/wp-json\/wp\/v2\/tags?post=533867"}],"curies":[{"name":"wp","href":"https:\/\/api.w.org\/{rel}","templated":true}]}}