{"id":533875,"date":"2025-11-14T14:57:14","date_gmt":"2025-11-14T14:57:14","guid":{"rendered":"https:\/\/www.europesays.com\/fr\/533875\/"},"modified":"2025-11-14T14:57:14","modified_gmt":"2025-11-14T14:57:14","slug":"rugby-elite-2-feminine-les-lonsoises-a-rouen-pour-confirmer-leur-montee-en-puissance","status":"publish","type":"post","link":"https:\/\/www.europesays.com\/fr\/533875\/","title":{"rendered":"Rugby &#8211; Elite 2 f\u00e9minine. Les Lonsoises \u00e0 Rouen pour confirmer leur mont\u00e9e en puissance"},"content":{"rendered":"<p>Apr\u00e8s un match de haut niveau r\u00e9alis\u00e9 contre le Racing, le Lons Section Paloise se d\u00e9place demain \u00e0 Rouen, pour y affronter une &amp;eacute&#8230;<\/p>\n<p>Apr\u00e8s un match de haut niveau r\u00e9alis\u00e9 contre le Racing, le Lons Section Paloise se d\u00e9place demain \u00e0 Rouen, pour y affronter une \u00e9quipe qui vient de r\u00e9ussir le petit exploit d\u2019aller s\u2019imposer face au Stade Fran\u00e7ais, sur le score de 3-14.<\/p>\n<p>Les joueuses d\u2019\u00c9lodie Poublan tiennent d\u00e9sormais leur match r\u00e9f\u00e9rence. Elles ont prouv\u00e9 face au Racing qu\u2019elles tenaient techniquement la route devant et qu\u2019elles savaient envoyer du jeu au large.<\/p>\n<p>Face aux mastodontes parisiens, les B\u00e9arnaises ont su jouer davantage avec la t\u00eate qu\u2019avec les muscles, sinon, c\u2019\u00e9tait perdu d\u2019avance. Techniquement, la m\u00eal\u00e9e ferm\u00e9e a \u00e9t\u00e9 ma\u00eetris\u00e9e, la touche fiable et la d\u00e9fense agressive, avec des plaquages bas qui n\u2019ont laiss\u00e9 aucune chance aux \u00ab\u00a0\u00e9paisses\u00a0\u00bb Parisiennes.<\/p>\n<p>Productives \u00e0 l\u2019ext\u00e9rieur<\/p>\n<p>Alors, on reprend les m\u00eames ingr\u00e9dients\u00a0? \u00ab\u00a0Valkyries est une \u00e9quipe tr\u00e8s joueuse, qui n\u2019a rien \u00e0 perdre. Lorsqu\u2019elles ne sont pas agress\u00e9es, les Normandes savent mettre leur jeu en place. \u00c0 nous de faire le n\u00e9cessaire. Le plus compliqu\u00e9, va \u00eatre de r\u00e9it\u00e9rer la performance r\u00e9alis\u00e9e face au Racing\u00a0\u00bb, confie \u00c9lodie Poublan, la manageuse lonsoise.<\/p>\n<p>Les Normandes re\u00e7oivent pour la deuxi\u00e8me fois de la saison. Lors de la 3e journ\u00e9e, elles avaient humili\u00e9 Colomiers, la lanterne rouge, en leur passant un s\u00e9v\u00e8re 76-0. Si rien n\u2019est jou\u00e9 d\u2019avance, le LSPRF peut revenir des plages normandes avec un petit quelque chose mais pour cela il ne faudra d\u00e9barquer du bus avec de solides convictions\u00a0!<\/p>\n<p>Contrairement aux apparences, la Section ne voyage pas si mal\u00a0: une d\u00e9faite bonifi\u00e9e sur la pelouse du leader rennais et un nul frustrant \u00e0 Brive. On a envie d\u2019y croire.<\/p>\n<p>    Le groupe<br \/>\nA.\u00a0Castanier- Carrasquet, Delas (Cap), Gourgues, Darrigade &#8211; (o) Narbeburu, (m) P.\u00a0Castanier &#8211; Dufrechou, Flipo, Rebujent &#8211; M\u00e9nard, Barrouillet &#8211; Habib Chorfa, Pujol, Pouyoune.<br \/>Rempla\u00e7antes\u00a0: Hourcade, Lasserre, Couteigt, Aguilar, Neri, Catellani, Moretti, Elgoyhen<\/p>\n","protected":false},"excerpt":{"rendered":"Apr\u00e8s un match de haut niveau r\u00e9alis\u00e9 contre le Racing, le Lons Section Paloise se d\u00e9place demain \u00e0&hellip;\n","protected":false},"author":2,"featured_media":533876,"comment_status":"","ping_status":"","sticky":false,"template":"","format":"standard","meta":{"footnotes":""},"categories":[9587],"tags":[1111,11,1777,674,1011,27,12,5161,25,9590],"class_list":{"0":"post-533875","1":"post","2":"type-post","3":"status-publish","4":"format-standard","5":"has-post-thumbnail","7":"category-rouen","8":"tag-actu","9":"tag-actualites","10":"tag-eu","11":"tag-europe","12":"tag-fr","13":"tag-france","14":"tag-news","15":"tag-normandie","16":"tag-republique-francaise","17":"tag-rouen"},"share_on_mastodon":{"url":"https:\/\/pubeurope.com\/@fr\/115548641304605794","error":""},"_links":{"self":[{"href":"https:\/\/www.europesays.com\/fr\/wp-json\/wp\/v2\/posts\/533875","targetHints":{"allow":["GET"]}}],"collection":[{"href":"https:\/\/www.europesays.com\/fr\/wp-json\/wp\/v2\/posts"}],"about":[{"href":"https:\/\/www.europesays.com\/fr\/wp-json\/wp\/v2\/types\/post"}],"author":[{"embeddable":true,"href":"https:\/\/www.europesays.com\/fr\/wp-json\/wp\/v2\/users\/2"}],"replies":[{"embeddable":true,"href":"https:\/\/www.europesays.com\/fr\/wp-json\/wp\/v2\/comments?post=533875"}],"version-history":[{"count":0,"href":"https:\/\/www.europesays.com\/fr\/wp-json\/wp\/v2\/posts\/533875\/revisions"}],"wp:featuredmedia":[{"embeddable":true,"href":"https:\/\/www.europesays.com\/fr\/wp-json\/wp\/v2\/media\/533876"}],"wp:attachment":[{"href":"https:\/\/www.europesays.com\/fr\/wp-json\/wp\/v2\/media?parent=533875"}],"wp:term":[{"taxonomy":"category","embeddable":true,"href":"https:\/\/www.europesays.com\/fr\/wp-json\/wp\/v2\/categories?post=533875"},{"taxonomy":"post_tag","embeddable":true,"href":"https:\/\/www.europesays.com\/fr\/wp-json\/wp\/v2\/tags?post=533875"}],"curies":[{"name":"wp","href":"https:\/\/api.w.org\/{rel}","templated":true}]}}