{"id":533877,"date":"2025-11-14T14:58:14","date_gmt":"2025-11-14T14:58:14","guid":{"rendered":"https:\/\/www.europesays.com\/fr\/533877\/"},"modified":"2025-11-14T14:58:14","modified_gmt":"2025-11-14T14:58:14","slug":"raphael-quenard-de-retour-a-la-maison-pour-une-soiree-dedicace-et-un-cine-rencontre","status":"publish","type":"post","link":"https:\/\/www.europesays.com\/fr\/533877\/","title":{"rendered":"Rapha\u00ebl Quenard de retour \u201c\u00e0 la maison\u201d pour une soir\u00e9e d\u00e9dicace et un cin\u00e9-rencontre"},"content":{"rendered":"<p>\t\t\t\t\t\t\t\t\t\t\t<img decoding=\"async\" src=\"https:\/\/www.europesays.com\/fr\/wp-content\/uploads\/2025\/11\/1280x720_gieres-raphael-quenard-de-retour-a-la-maison-pour-une-soiree-dedicace-et-un-cine-rencontre_.jpeg\" alt=\"Gi\u00e8res : Rapha\u00ebl Quenard de retour \u201c\u00e0 la maison\u201d pour une soir\u00e9e d\u00e9dicace et un cin\u00e9-rencontre\" title=\"Gi\u00e8res : Rapha\u00ebl Quenard de retour \u201c\u00e0 la maison\u201d pour une soir\u00e9e d\u00e9dicace et un cin\u00e9-rencontre\" width=\"1280\" height=\"720\" class=\"img-fluid  mb-3\" loading=\"lazy\"\/>\t\t\t\t\t\t\t\t\t\t\t\t<\/p>\n<p>Gi\u00e8res : Rapha\u00ebl Quenard de retour \u201c\u00e0 la maison\u201d pour une soir\u00e9e d\u00e9dicace et un cin\u00e9-rencontre &#8211; DR<\/p>\n<p itemprop=\"description\"><strong>L\u2019acteur et \u00e9crivain Rapha\u00ebl Quenard sera \u00e0 Gi\u00e8res le samedi 6 d\u00e9cembre pour une soir\u00e9e culturelle en deux temps.<\/strong><\/p>\n<p>\u00a0Le service culture de la commune annonce la venue de l\u2019artiste c\u00e9saris\u00e9, originaire de l&rsquo;agglom\u00e9ration, pour une s\u00e9ance de d\u00e9dicaces suivie de la projection de son film I l\u2764\ufe0fve Peru.<\/p>\n<p>D\u00e8s 19h, Rapha\u00ebl Quenard d\u00e9dicacera son livre Clamser \u00e0 Tataouine \u00e0 la biblioth\u00e8que Fran\u00e7ois-Mitterrand. Une \u00e9dition collector du texte, sortie le 12 novembre chez Flammarion, sera disponible gr\u00e2ce au partenariat avec Les p\u2019tits livres de Manon.<\/p>\n<p>\u00c0 20h, l\u2019acteur rejoindra la salle du Laussy pour pr\u00e9senter son film I l\u2764\ufe0fve Peru, avant d\u2019\u00e9changer avec le public. Une salle qu\u2019il avait d\u00e9j\u00e0 recommand\u00e9e \u00e0 Florence Foresti.<br \/>\u00a0<br \/>La municipalit\u00e9 \u00e9voque une \u00ab\u00a0petite ville de la r\u00e9gion Auvergne\u2013Rh\u00f4ne-Alpes [\u2026] que tout un chacun est press\u00e9 d\u2019aller visiter\u00a0\u00bb, tout en rappelant que l\u2019auteur a grandi dans \u00ab\u00a0la ville aux quatre g\u00e9raniums en classification ville fleurie\u00a0\u00bb.<\/p>\n<p>Les deux \u00e9v\u00e9nements sont soumis \u00e0 une jauge limit\u00e9e.<\/p>\n<p>La s\u00e9ance cin\u00e9ma se fera via une <a href=\"https:\/\/ville-gieres.notre-billetterie.fr\/billets?kld=2526\" target=\"_blank\" rel=\"noopener\">vente en ligne uniquement<\/a>, avec tarif unique.<\/p>\n","protected":false},"excerpt":{"rendered":"Gi\u00e8res : Rapha\u00ebl Quenard de retour \u201c\u00e0 la maison\u201d pour une soir\u00e9e d\u00e9dicace et un cin\u00e9-rencontre &#8211; DR&hellip;\n","protected":false},"author":2,"featured_media":533878,"comment_status":"","ping_status":"","sticky":false,"template":"","format":"standard","meta":{"footnotes":""},"categories":[9566],"tags":[1111,11,7733,8279,2430,7736,650,7734,2889,2263,1777,674,1011,27,2731,8280,6417,1114,108,4662,12,3725,1825,25,7737],"class_list":{"0":"post-533877","1":"post","2":"type-post","3":"status-publish","4":"format-standard","5":"has-post-thumbnail","7":"category-grenoble","8":"tag-actu","9":"tag-actualites","10":"tag-alpes","11":"tag-alpes1","12":"tag-auvergne-rhone-alpes","13":"tag-cds","14":"tag-cinema","15":"tag-ecoute","16":"tag-emission","17":"tag-equipe","18":"tag-eu","19":"tag-europe","20":"tag-fr","21":"tag-france","22":"tag-grenoble","23":"tag-haute","24":"tag-information","25":"tag-infos","26":"tag-isere","27":"tag-journal","28":"tag-news","29":"tag-podcast","30":"tag-radio","31":"tag-republique-francaise","32":"tag-winamp"},"share_on_mastodon":{"url":"https:\/\/pubeurope.com\/@fr\/115548646256340086","error":""},"_links":{"self":[{"href":"https:\/\/www.europesays.com\/fr\/wp-json\/wp\/v2\/posts\/533877","targetHints":{"allow":["GET"]}}],"collection":[{"href":"https:\/\/www.europesays.com\/fr\/wp-json\/wp\/v2\/posts"}],"about":[{"href":"https:\/\/www.europesays.com\/fr\/wp-json\/wp\/v2\/types\/post"}],"author":[{"embeddable":true,"href":"https:\/\/www.europesays.com\/fr\/wp-json\/wp\/v2\/users\/2"}],"replies":[{"embeddable":true,"href":"https:\/\/www.europesays.com\/fr\/wp-json\/wp\/v2\/comments?post=533877"}],"version-history":[{"count":0,"href":"https:\/\/www.europesays.com\/fr\/wp-json\/wp\/v2\/posts\/533877\/revisions"}],"wp:featuredmedia":[{"embeddable":true,"href":"https:\/\/www.europesays.com\/fr\/wp-json\/wp\/v2\/media\/533878"}],"wp:attachment":[{"href":"https:\/\/www.europesays.com\/fr\/wp-json\/wp\/v2\/media?parent=533877"}],"wp:term":[{"taxonomy":"category","embeddable":true,"href":"https:\/\/www.europesays.com\/fr\/wp-json\/wp\/v2\/categories?post=533877"},{"taxonomy":"post_tag","embeddable":true,"href":"https:\/\/www.europesays.com\/fr\/wp-json\/wp\/v2\/tags?post=533877"}],"curies":[{"name":"wp","href":"https:\/\/api.w.org\/{rel}","templated":true}]}}