{"id":533879,"date":"2025-11-14T14:59:15","date_gmt":"2025-11-14T14:59:15","guid":{"rendered":"https:\/\/www.europesays.com\/fr\/533879\/"},"modified":"2025-11-14T14:59:15","modified_gmt":"2025-11-14T14:59:15","slug":"rc-vannes-grenoble-les-coulisses-de-la-delocalisation-avec-le-president-du-rcv","status":"publish","type":"post","link":"https:\/\/www.europesays.com\/fr\/533879\/","title":{"rendered":"RC Vannes &#8211; Grenoble : les coulisses de la d\u00e9localisation avec le Pr\u00e9sident du RCV"},"content":{"rendered":"\n<p>C&rsquo;est dans son bureau, situ\u00e9 au-dessus de son magasin Intermarch\u00e9 qu&rsquo;Olivier Cloarec, pr\u00e9sident du RCV, nous re\u00e7oit. Cette m\u00eame enseigne qui sera, en 2006, \u00e0 l&rsquo;origine du d\u00e9but de son histoire avec le club vannetais puisqu&rsquo;il deviendra partenaire. Pr\u00e8s de 20 ans apr\u00e8s, Olivier Cloarec est \u00e0 la t\u00eate du club morbihannais, avec au compteur, un titre de champion de Pro D2, une mont\u00e9e en Top 14 et un match d\u00e9localis\u00e9 devant 30 000 personnes.<\/p>\n<p>\u00a0<\/p>\n<blockquote><p>\n\u00ab\u00a0Canal nous en a parl\u00e9 avant m\u00eame que la saison d\u00e9marre\u00a0\u00bb\n<\/p><\/blockquote>\n<p>\u00a0<\/p>\n<p>\u00ab\u00a0Je ne m&rsquo;attendais pas \u00e0 tout \u00e7a lorsque j&rsquo;ai pris la pr\u00e9sidence du club, il y a 10 ans. Quand on regarde le chemin parcouru, on se dit qu&rsquo;on a fait des choses extraordinaires et en m\u00eame temps, on voit tout le travail qui reste \u00e0 faire pour rivaliser avec les meilleures \u00e9quipes.\u00a0\u00bb<\/p>\n<p>\u00a0<\/p>\n<p><strong> Si le RC Vannes a \u00e9t\u00e9 le vent de fra\u00eecheur du Top 14, la saison derni\u00e8re, le club fait encore parler de lui cette ann\u00e9e. <\/strong>D&rsquo;abord par son bon d\u00e9but de saison qui le place en haut du classement de Pro D2, mais aussi avec cette fameuse rencontre d\u00e9localis\u00e9e au Roazhon Park \u00e0 Rennes, ce dimanche 16 novembre 2025 : \u00ab\u00a0Canal nous en a parl\u00e9 avant m\u00eame que la saison d\u00e9marre. Ce n&rsquo;\u00e9tait jamais arriv\u00e9 dans l&rsquo;histoire de la Pro D2, un match en prime time, un dimanche soir. Normalement c&rsquo;est le TOP 14. Nous avons ensuite pris contact, en septembre, avec le Stade Rennais, qui a rapidement r\u00e9pondu favorablement \u00e0 notre demande,\u00a0\u00bb explique le Pr\u00e9sident du RC Vannes.<\/p>\n<p>Canal + est aussi dans les starting blocks pour cette rencontre. Le dispositif sera le m\u00eame que pour un match de Top 14.\u00a0<\/p>\n<p>\u00a0<\/p>\n<p><strong>Retrouvez l&rsquo;interview compl\u00e8te d&rsquo;Olivier Cloarec ci-dessous dans le podcast \u00ab\u00a0Ca va plaquer\u00a0\u00bb !<\/strong><\/p>\n<p>\u00a0<\/p>\n<\/p>\n<p>Apr\u00e8s le Roudourou de Guingamp, cet \u00e9t\u00e9, et ce match devant 17 000 supporters face au Stade Toulousain, le RC Vannes pose donc ces valises pour une soir\u00e9e au Roazhon Park. Un stade qui a d\u00e9j\u00e0 accueilli du rugby en 2016, pour les demi- finales de Top 14.<\/p>\n<p>\u00a0<\/p>\n<blockquote><p>\nDes d\u00e9localisations pendant les travaux \u00e0 la Rabine\u00a0\n<\/p><\/blockquote>\n<p>\u00a0<\/p>\n<p>\u00ab\u00a0Pourquoi Rennes ? On se rend compte que l&rsquo;on a plus de difficult\u00e9 \u00e0 toucher des supporters et des partenaires du 35 que du Finist\u00e8re ou des C\u00f4tes d&rsquo;Armor. L&rsquo;id\u00e9e est de faire d\u00e9couvrir ce sport au plus grand nombre et que les gens veulent nous suivre dans notre projet club\u00a0\u00bb.<\/p>\n<p>D\u00e9j\u00e0 dans les tuyaux l&rsquo;ann\u00e9e derni\u00e8re, cette premi\u00e8re d\u00e9localisation en championnat arrive en ce mois de novembre pour la 11\u00e8me journ\u00e9e de Pro D2. Une d\u00e9localisation qui pourrait en appeler d&rsquo;autres, notamment lors des travaux de la tribune Lucien Jaffr\u00e9 pr\u00e9vus pour 2027 : \u00ab\u00a0on ne peut pas s&#8217;emp\u00eacher d&rsquo;y penser avec ces travaux, qui s&rsquo;\u00e9talent sur les trois prochaines ann\u00e9es. On n&rsquo;est pas \u00e0 l&rsquo;abri en 2027, notamment en termes de s\u00e9curit\u00e9, que l&rsquo;on doive d\u00e9localiser pour une, deux ou trois rencontres.<strong> Je suis convaincu que cette d\u00e9localisation sera b\u00e9n\u00e9fique sur le long terme\u00a0\u00bb.\u00a0<\/strong><\/p>\n","protected":false},"excerpt":{"rendered":"C&rsquo;est dans son bureau, situ\u00e9 au-dessus de son magasin Intermarch\u00e9 qu&rsquo;Olivier Cloarec, pr\u00e9sident du RCV, nous re\u00e7oit. Cette&hellip;\n","protected":false},"author":2,"featured_media":533880,"comment_status":"","ping_status":"","sticky":false,"template":"","format":"standard","meta":{"footnotes":""},"categories":[9566],"tags":[1111,11,2430,829,10474,54910,22813,1777,674,26025,1011,27,2731,62271,65340,12,65339,2308,3164,3167,25,7091,479,65341,3087,3165],"class_list":{"0":"post-533879","1":"post","2":"type-post","3":"status-publish","4":"format-standard","5":"has-post-thumbnail","7":"category-grenoble","8":"tag-actu","9":"tag-actualites","10":"tag-auvergne-rhone-alpes","11":"tag-bretagne","12":"tag-canal","13":"tag-cloarec","14":"tag-dimanche-soir","15":"tag-eu","16":"tag-europe","17":"tag-fc-grenoble-rugby","18":"tag-fr","19":"tag-france","20":"tag-grenoble","21":"tag-la-rabine","22":"tag-maxime-lafage","23":"tag-news","24":"tag-olivier-cloarec","25":"tag-pro-d2","26":"tag-rc-vannes","27":"tag-rcv","28":"tag-republique-francaise","29":"tag-roazhon-park","30":"tag-rugby","31":"tag-spitzer","32":"tag-stade-rennais","33":"tag-vannes"},"share_on_mastodon":{"url":"https:\/\/pubeurope.com\/@fr\/115548649268129290","error":""},"_links":{"self":[{"href":"https:\/\/www.europesays.com\/fr\/wp-json\/wp\/v2\/posts\/533879","targetHints":{"allow":["GET"]}}],"collection":[{"href":"https:\/\/www.europesays.com\/fr\/wp-json\/wp\/v2\/posts"}],"about":[{"href":"https:\/\/www.europesays.com\/fr\/wp-json\/wp\/v2\/types\/post"}],"author":[{"embeddable":true,"href":"https:\/\/www.europesays.com\/fr\/wp-json\/wp\/v2\/users\/2"}],"replies":[{"embeddable":true,"href":"https:\/\/www.europesays.com\/fr\/wp-json\/wp\/v2\/comments?post=533879"}],"version-history":[{"count":0,"href":"https:\/\/www.europesays.com\/fr\/wp-json\/wp\/v2\/posts\/533879\/revisions"}],"wp:featuredmedia":[{"embeddable":true,"href":"https:\/\/www.europesays.com\/fr\/wp-json\/wp\/v2\/media\/533880"}],"wp:attachment":[{"href":"https:\/\/www.europesays.com\/fr\/wp-json\/wp\/v2\/media?parent=533879"}],"wp:term":[{"taxonomy":"category","embeddable":true,"href":"https:\/\/www.europesays.com\/fr\/wp-json\/wp\/v2\/categories?post=533879"},{"taxonomy":"post_tag","embeddable":true,"href":"https:\/\/www.europesays.com\/fr\/wp-json\/wp\/v2\/tags?post=533879"}],"curies":[{"name":"wp","href":"https:\/\/api.w.org\/{rel}","templated":true}]}}