{"id":533881,"date":"2025-11-14T15:00:17","date_gmt":"2025-11-14T15:00:17","guid":{"rendered":"https:\/\/www.europesays.com\/fr\/533881\/"},"modified":"2025-11-14T15:00:17","modified_gmt":"2025-11-14T15:00:17","slug":"lopposition-a-trouve-son-candidat-et-cogne-fort-sur-la-maire-nathalie-appere","status":"publish","type":"post","link":"https:\/\/www.europesays.com\/fr\/533881\/","title":{"rendered":"L\u2019opposition a trouv\u00e9 son candidat et cogne fort sur la maire Nathalie App\u00e9r\u00e9"},"content":{"rendered":"<p>Il n\u2019a bien \u00e9videmment pas choisi l\u2019endroit par hasard. Entour\u00e9 de ses soutiens, Charles Compagnon s\u2019est invit\u00e9 ce vendredi midi dans le quartier de Villejean \u00e0 Rennes pour annoncer sa candidature <a href=\"https:\/\/www.20minutes.fr\/municipales\/\" class=\"c-link c-link--is-underlined\" target=\"_blank\" rel=\"noopener\">aux \u00e9lections municipales de\u00a02026<\/a>. Et \u00ab\u00a0symboliquement\u00a0\u00bb, le chef de file de l\u2019opposition a pos\u00e9 son pupitre \u00e0 quelques m\u00e8tres seulement du restaurant Subway qui marque l\u2019endroit de la dalle Kennedy. Le lieu m\u00eame <a href=\"https:\/\/www.20minutes.fr\/faits_divers\/faits-divers-rennes\/4149321-20250418-rennes-jeunes-criaient-temoin-fusillade-subway-elu-raconte-violence-scene\" class=\"c-link c-link--is-underlined\" target=\"_blank\" rel=\"noopener\">o\u00f9 l\u2019\u00e9lu avait \u00e9t\u00e9 pris dans une fusillade<\/a> le 17\u00a0avril dernier, devant se coucher \u00e0 terre pour \u00e9viter les tirs de kalachnikov. \u00ab\u00a0J\u2019ai fr\u00f4l\u00e9 la mort mais cette \u00e9preuve m\u2019a rendu plus libre et plus fort, souligne-t-il. Et tant que les Rennais et les Rennaises auront peur, je n\u2019aurai pas le droit de me taire.\u00a0\u00bb<\/p>\n<p>Le ton est donn\u00e9 avec une campagne <a href=\"https:\/\/www.20minutes.fr\/politique\/4175025-20250924-elections-municipales-2026-rennes-opposition-reve-grand-soir-toujours-trouve-candidat\" class=\"c-link c-link--is-underlined\" target=\"_blank\" rel=\"noopener\">que le candidat de la droite et du centre<\/a> va axer prioritairement sur le th\u00e8me de la s\u00e9curit\u00e9. \u00ab\u00a0Un droit pour tous et la premi\u00e8re des libert\u00e9s\u00a0\u00bb, estime Charles Compagnon, d\u00e9non\u00e7ant la mont\u00e9e des violences et l\u2019\u00e9mergence de \u00ab\u00a0narco quartiers\u00a0\u00bb dans la capitale bretonne. \u00ab\u00a0La ville a d\u00e9sormais mauvaise r\u00e9putation et c\u2019est le r\u00e9sultat de la politique de la maire Nathalie App\u00e9r\u00e9, fustige-t-il. Rennes ne m\u00e9rite pas la peur et la r\u00e9signation.\u00a0\u00bb Sans d\u00e9voiler tout son programme, il promet notamment le doublement des effectifs <a href=\"https:\/\/www.20minutes.fr\/dossier\/police_municipale\" class=\"c-link c-link--is-underlined\" target=\"_blank\" rel=\"noopener\">de la police municipale<\/a> et le renforcement de la vid\u00e9osurveillance. \u00ab\u00a0Mais la s\u00e9curit\u00e9 ne fait pas un programme\u00a0\u00bb, conc\u00e8de-t-il, souhaitant \u00ab\u00a0faire de Rennes une ville durable, belle et accessible.\u00a0\u00bb<\/p>\n<p>\u00ab\u00a0Nathalie App\u00e9r\u00e9 a abaiss\u00e9 la fonction de maire\u00a0\u00bb<\/p>\n<p>Alors que l\u2019ambiance est de plus en plus houleuse \u00e0 chaque conseil municipal entre la majorit\u00e9 et l\u2019opposition, Charles Compagnon tape fort sur <a href=\"https:\/\/www.20minutes.fr\/dossier\/nathalie_appere\" class=\"c-link c-link--is-underlined\" target=\"_blank\" rel=\"noopener\">Nathalie App\u00e9r\u00e9<\/a> qui a \u00ab\u00a0abaiss\u00e9 la fonction de maire.\u00a0\u00bb \u00ab\u00a0Elle refuse le d\u00e9bat et fait des campagnes de communication plut\u00f4t que de regarder la r\u00e9alit\u00e9 en face\u00a0\u00bb, ass\u00e8ne-t-il, fustigeant aussi <a href=\"https:\/\/www.20minutes.fr\/politique\/matthieu-theurier\/4180043-20251018-municipales-2026-rennes-ecologistes-votent-union-nathalie-appere\" class=\"c-link c-link--is-underlined\" target=\"_blank\" rel=\"noopener\">son alliance d\u00e8s le premier tour avec les \u00e9cologistes<\/a>. \u00ab\u00a0Une alliance de fa\u00e7ade car si tout semble parfait sur sc\u00e8ne, c\u2019est la cacophonie permanente en coulisses\u00a0\u00bb, assure l\u2019\u00e9lu d\u2019opposition. Tout le contraire selon lui de son alliance avec la macroniste Carole Gandon, t\u00eate de liste comme lui en\u00a02020, qui est \u00ab\u00a0une union forte et sinc\u00e8re.\u00a0\u00bb<\/p>\n<p><a href=\"https:\/\/www.20minutes.fr\/municipales\/\" class=\"c-link c-btn c-btn--primary\" target=\"_blank\" rel=\"noopener\">Notre dossier sur les \u00e9lections municipales 2026<\/a><\/p>\n<p>Dans une ville dirig\u00e9e depuis un demi-si\u00e8cle par les socialistes, Charles Compagnon assure que les prochaines \u00e9lections seront \u00ab\u00a0un rendez-vous historique.\u00a0\u00bb \u00ab\u00a0Le temps de l\u2019alternance est venu avec un nouveau souffle et une nouvelle \u00e9quipe pour enfin donner un cap ambitieux \u00e0 cette ville\u00a0\u00bb, promet-il.<\/p>\n","protected":false},"excerpt":{"rendered":"Il n\u2019a bien \u00e9videmment pas choisi l\u2019endroit par hasard. Entour\u00e9 de ses soutiens, Charles Compagnon s\u2019est invit\u00e9 ce&hellip;\n","protected":false},"author":2,"featured_media":533882,"comment_status":"","ping_status":"","sticky":false,"template":"","format":"standard","meta":{"footnotes":""},"categories":[2821],"tags":[1111,47,11,829,54475,5949,2761,1777,674,1011,27,848,5107,10736,12,316,1306,584,25],"class_list":{"0":"post-533881","1":"post","2":"type-post","3":"status-publish","4":"format-standard","5":"has-post-thumbnail","7":"category-rennes","8":"tag-actu","9":"tag-actualite","10":"tag-actualites","11":"tag-bretagne","12":"tag-carole-gandon","13":"tag-elections","14":"tag-elections-municipales-2026","15":"tag-eu","16":"tag-europe","17":"tag-fr","18":"tag-france","19":"tag-ille-et-vilaine","20":"tag-maire","21":"tag-nathalie-appere","22":"tag-news","23":"tag-politique","24":"tag-regions","25":"tag-rennes","26":"tag-republique-francaise"},"share_on_mastodon":{"url":"https:\/\/pubeurope.com\/@fr\/115548653132279214","error":""},"_links":{"self":[{"href":"https:\/\/www.europesays.com\/fr\/wp-json\/wp\/v2\/posts\/533881","targetHints":{"allow":["GET"]}}],"collection":[{"href":"https:\/\/www.europesays.com\/fr\/wp-json\/wp\/v2\/posts"}],"about":[{"href":"https:\/\/www.europesays.com\/fr\/wp-json\/wp\/v2\/types\/post"}],"author":[{"embeddable":true,"href":"https:\/\/www.europesays.com\/fr\/wp-json\/wp\/v2\/users\/2"}],"replies":[{"embeddable":true,"href":"https:\/\/www.europesays.com\/fr\/wp-json\/wp\/v2\/comments?post=533881"}],"version-history":[{"count":0,"href":"https:\/\/www.europesays.com\/fr\/wp-json\/wp\/v2\/posts\/533881\/revisions"}],"wp:featuredmedia":[{"embeddable":true,"href":"https:\/\/www.europesays.com\/fr\/wp-json\/wp\/v2\/media\/533882"}],"wp:attachment":[{"href":"https:\/\/www.europesays.com\/fr\/wp-json\/wp\/v2\/media?parent=533881"}],"wp:term":[{"taxonomy":"category","embeddable":true,"href":"https:\/\/www.europesays.com\/fr\/wp-json\/wp\/v2\/categories?post=533881"},{"taxonomy":"post_tag","embeddable":true,"href":"https:\/\/www.europesays.com\/fr\/wp-json\/wp\/v2\/tags?post=533881"}],"curies":[{"name":"wp","href":"https:\/\/api.w.org\/{rel}","templated":true}]}}