{"id":533910,"date":"2025-11-14T15:15:20","date_gmt":"2025-11-14T15:15:20","guid":{"rendered":"https:\/\/www.europesays.com\/fr\/533910\/"},"modified":"2025-11-14T15:15:20","modified_gmt":"2025-11-14T15:15:20","slug":"un-an-de-prison-avec-sursis-contre-le-patron-tamer-shabana","status":"publish","type":"post","link":"https:\/\/www.europesays.com\/fr\/533910\/","title":{"rendered":"un an de prison avec sursis contre le patron Tamer Shabana"},"content":{"rendered":"<p>Dans sa plaidoirie, Me Bartolomei, avocat de Tamer Shabana, le patron de la galaxie Nour d\u2019Egypte, avait patiemment\u00a0d\u00e9zingu\u00e9 un \u00ab\u00a0dossier qui s\u2019est d\u00e9gonfl\u00e9\u00a0\u00bb au fil du temps. Le d\u00e9lib\u00e9r\u00e9 rendu en d\u00e9but de semaine a act\u00e9 cette d\u00e9sescalade judiciaire : l\u2019entrepreneur \u00e0 l\u2019app\u00e9tit insatiable, du moins jusqu\u2019\u00e0 sa chute, a \u00e9t\u00e9 condamn\u00e9 \u00e0 12 mois de prison avec sursis et 10 000 euros d\u2019amende avec sursis pour travail dissimul\u00e9, abus de bien social et blanchiment. Une peine assortie d\u2019une interdiction de g\u00e9rer des affaires pendant un an<a href=\"https:\/\/www.laprovence.com\/article\/faits-divers-justice\/7277050211992314\/cantine-de-nour-degypte-a-marseille-travail-au-black-salaires-en-liquides-le-restaurant-devant-la-justice\" target=\"_blank\" rel=\"noopener\">. Jug\u00e9 \u00e0 ses c\u00f4t\u00e9s en septembre dernier, son beau-p\u00e8re, Jean-Claude Amar,<\/a> consid\u00e9r\u00e9 par la justice comme le g\u00e9rant de fait du petit empire culinaire s\u2019est vu infliger une simple amende de 20 000 avec sursis. A titre de peine compl\u00e9mentaire, le tribunal a prononc\u00e9 la saisie d\u2019une somme de 120 000 euros retrouv\u00e9s en possession de l\u2019octog\u00e9naire lors des perquisitions. En revanche, les quatre lingots d\u2019or d\u00e9couverts dans ses coffres bancaires vont lui \u00eatre restitu\u00e9s.<\/p>\n<p>\u00ab\u00a040 jours d\u2019incarc\u00e9ration\u00a0\u00bb<\/p>\n<p>L\u2019affaire avait \u00e9clat\u00e9 en mai\u00a02022.\u00a0Depuis plusieurs mois, le Groupe Interminist\u00e9riel de Recherches de Marseille (GIR), un service sp\u00e9cialis\u00e9 dans la d\u00e9linquance financi\u00e8re, &#8230;<\/p>\n","protected":false},"excerpt":{"rendered":"Dans sa plaidoirie, Me Bartolomei, avocat de Tamer Shabana, le patron de la galaxie Nour d\u2019Egypte, avait patiemment\u00a0d\u00e9zingu\u00e9&hellip;\n","protected":false},"author":2,"featured_media":533911,"comment_status":"","ping_status":"","sticky":false,"template":"","format":"standard","meta":{"footnotes":""},"categories":[2814],"tags":[17,1111,11,3396,65348,1555,1777,674,274,1011,27,884,12,65347,806,882,25,6252],"class_list":{"0":"post-533910","1":"post","2":"type-post","3":"status-publish","4":"format-standard","5":"has-post-thumbnail","7":"category-marseille","8":"tag-17","9":"tag-actu","10":"tag-actualites","11":"tag-avec","12":"tag-degypte","13":"tag-empire","14":"tag-eu","15":"tag-europe","16":"tag-faits-divers-justice","17":"tag-fr","18":"tag-france","19":"tag-marseille","20":"tag-news","21":"tag-nour","22":"tag-prison","23":"tag-provence-alpes-cote-dazur","24":"tag-republique-francaise","25":"tag-sursis"},"share_on_mastodon":{"url":"https:\/\/pubeurope.com\/@fr\/115548712066421275","error":""},"_links":{"self":[{"href":"https:\/\/www.europesays.com\/fr\/wp-json\/wp\/v2\/posts\/533910","targetHints":{"allow":["GET"]}}],"collection":[{"href":"https:\/\/www.europesays.com\/fr\/wp-json\/wp\/v2\/posts"}],"about":[{"href":"https:\/\/www.europesays.com\/fr\/wp-json\/wp\/v2\/types\/post"}],"author":[{"embeddable":true,"href":"https:\/\/www.europesays.com\/fr\/wp-json\/wp\/v2\/users\/2"}],"replies":[{"embeddable":true,"href":"https:\/\/www.europesays.com\/fr\/wp-json\/wp\/v2\/comments?post=533910"}],"version-history":[{"count":0,"href":"https:\/\/www.europesays.com\/fr\/wp-json\/wp\/v2\/posts\/533910\/revisions"}],"wp:featuredmedia":[{"embeddable":true,"href":"https:\/\/www.europesays.com\/fr\/wp-json\/wp\/v2\/media\/533911"}],"wp:attachment":[{"href":"https:\/\/www.europesays.com\/fr\/wp-json\/wp\/v2\/media?parent=533910"}],"wp:term":[{"taxonomy":"category","embeddable":true,"href":"https:\/\/www.europesays.com\/fr\/wp-json\/wp\/v2\/categories?post=533910"},{"taxonomy":"post_tag","embeddable":true,"href":"https:\/\/www.europesays.com\/fr\/wp-json\/wp\/v2\/tags?post=533910"}],"curies":[{"name":"wp","href":"https:\/\/api.w.org\/{rel}","templated":true}]}}