{"id":533912,"date":"2025-11-14T15:17:29","date_gmt":"2025-11-14T15:17:29","guid":{"rendered":"https:\/\/www.europesays.com\/fr\/533912\/"},"modified":"2025-11-14T15:17:29","modified_gmt":"2025-11-14T15:17:29","slug":"lyon-fuite-des-donnees-de-la-plateforme-lyonnaise-mym-5-millions-dinformations-privees-exposees","status":"publish","type":"post","link":"https:\/\/www.europesays.com\/fr\/533912\/","title":{"rendered":"Lyon. Fuite des donn\u00e9es de la plateforme lyonnaise MYM\u00a0: 5\u00a0millions d\u2019informations priv\u00e9es expos\u00e9es"},"content":{"rendered":"<p>Ce mercredi 5\u00a0novembre au soir, les donn\u00e9es de la plateforme de contenus pour adultes MYM ont \u00ab\u00a0fuit\u00e9\u00a0\u00bb sur le dark web. Au total, plus de 5\u00a0millions de donn\u00e9es \u2013 adresse mail, mot de passe, profession, pr\u00e9nom, nom &#8211; ont \u00e9t\u00e9 servies sur un plateau, \u00e0 la merci des diff\u00e9rents r\u00e9seaux de cybercriminalit\u00e9. Le piratage de la plateforme ne date toutefois pas d\u2019hier.<\/p>\n<p>Selon Cl\u00e9ment Domingo, qui se fait appeler Saxx \u2013 Hacker gentil \u2013 l\u2019attaque informatique aurait eu lieu en mars\u00a02021. Mais les donn\u00e9es ont, quant \u00e0 elles,&#8230;<\/p>\n","protected":false},"excerpt":{"rendered":"Ce mercredi 5\u00a0novembre au soir, les donn\u00e9es de la plateforme de contenus pour adultes MYM ont \u00ab\u00a0fuit\u00e9\u00a0\u00bb sur&hellip;\n","protected":false},"author":2,"featured_media":533913,"comment_status":"","ping_status":"","sticky":false,"template":"","format":"standard","meta":{"footnotes":""},"categories":[1889],"tags":[1111,11,2430,33,7539,2757,1777,674,107,1011,27,1757,3367,2428,2756,12,2922,25,2429,4001,767,801,104,216],"class_list":{"0":"post-533912","1":"post","2":"type-post","3":"status-publish","4":"format-standard","5":"has-post-thumbnail","7":"category-lyon","8":"tag-actu","9":"tag-actualites","10":"tag-auvergne-rhone-alpes","11":"tag-economie","12":"tag-edition-loire-sud","13":"tag-edition-lyon-villeurbanne","14":"tag-eu","15":"tag-europe","16":"tag-fil-info","17":"tag-fr","18":"tag-france","19":"tag-insolite","20":"tag-loire","21":"tag-lyon","22":"tag-lyon-bassin","23":"tag-news","24":"tag-pouvoir-dachat","25":"tag-republique-francaise","26":"tag-rhone","27":"tag-saint-etienne","28":"tag-science-et-technologie","29":"tag-social","30":"tag-societe","31":"tag-vie-des-entreprises"},"share_on_mastodon":{"url":"https:\/\/pubeurope.com\/@fr\/115548720022628304","error":""},"_links":{"self":[{"href":"https:\/\/www.europesays.com\/fr\/wp-json\/wp\/v2\/posts\/533912","targetHints":{"allow":["GET"]}}],"collection":[{"href":"https:\/\/www.europesays.com\/fr\/wp-json\/wp\/v2\/posts"}],"about":[{"href":"https:\/\/www.europesays.com\/fr\/wp-json\/wp\/v2\/types\/post"}],"author":[{"embeddable":true,"href":"https:\/\/www.europesays.com\/fr\/wp-json\/wp\/v2\/users\/2"}],"replies":[{"embeddable":true,"href":"https:\/\/www.europesays.com\/fr\/wp-json\/wp\/v2\/comments?post=533912"}],"version-history":[{"count":0,"href":"https:\/\/www.europesays.com\/fr\/wp-json\/wp\/v2\/posts\/533912\/revisions"}],"wp:featuredmedia":[{"embeddable":true,"href":"https:\/\/www.europesays.com\/fr\/wp-json\/wp\/v2\/media\/533913"}],"wp:attachment":[{"href":"https:\/\/www.europesays.com\/fr\/wp-json\/wp\/v2\/media?parent=533912"}],"wp:term":[{"taxonomy":"category","embeddable":true,"href":"https:\/\/www.europesays.com\/fr\/wp-json\/wp\/v2\/categories?post=533912"},{"taxonomy":"post_tag","embeddable":true,"href":"https:\/\/www.europesays.com\/fr\/wp-json\/wp\/v2\/tags?post=533912"}],"curies":[{"name":"wp","href":"https:\/\/api.w.org\/{rel}","templated":true}]}}