{"id":533916,"date":"2025-11-14T15:20:18","date_gmt":"2025-11-14T15:20:18","guid":{"rendered":"https:\/\/www.europesays.com\/fr\/533916\/"},"modified":"2025-11-14T15:20:18","modified_gmt":"2025-11-14T15:20:18","slug":"une-vague-de-froid-attendue-la-semaine-prochaine-a-paris-et-en-ile-de-france","status":"publish","type":"post","link":"https:\/\/www.europesays.com\/fr\/533916\/","title":{"rendered":"Une vague de froid attendue la semaine prochaine \u00e0 Paris et en Ile-de-France"},"content":{"rendered":"<p>\t\t\t\t\t\t\t\t\t\t\t\t\t\t\t\t\t\t\t\t\t\t<img loading=\"lazy\" decoding=\"async\" src=\"https:\/\/www.europesays.com\/fr\/wp-content\/uploads\/2025\/11\/shutterstock_1511280356-1-1024x683.jpg\" class=\"img-fluid\" alt=\"Une vague de froid attendue la semaine prochaine en France, \u00e0 Paris et en Ile-de-France \u2013 Paris sera-t-elle touch\u00e9e par la neige et le vent glacial ?\" width=\"1024\" height=\"683\"\/><\/p>\n<p>    Save<\/p>\n<p class=\"p1\">Adieu la douceur d\u2019un automne d\u00e9cid\u00e9ment tr\u00e8s cl\u00e9ment ! D\u00e8s la semaine prochaine,<strong> une vague de froid<\/strong> va s\u2019emparer de l\u2019Hexagone, avec un changement assez radical attendu \u00e0 Paris. Dans les jours \u00e0 venir, les 16\u00b0C ambiants laisseront place \u00e0 une fra\u00eecheur plus franche, histoire d\u2019\u00eatre parfaitement raccord avec l\u2019arriv\u00e9e de No\u00ebl, des<strong> <a href=\"https:\/\/parissecret.com\/vitrines-de-noel-grands-magasins-paris\/\" rel=\"follow nofollow noopener\" target=\"_self\" class=\"shortcode-outbound-link\" data-has-ga=\"true\" data-ga-type=\"click\" data-label=\"https:\/\/parissecret.com\/vitrines-de-noel-grands-magasins-paris\/\" data-action=\"text_cta_0\" data-category=\"click_internal\">vitrines illumin\u00e9es<\/a><\/strong> et des <a href=\"https:\/\/parissecret.com\/marche-noel-suisse-la-villette-paris\/\" rel=\"follow nofollow noopener\" target=\"_self\" class=\"shortcode-outbound-link\" data-has-ga=\"true\" data-ga-type=\"click\" data-label=\"https:\/\/parissecret.com\/marche-noel-suisse-la-villette-paris\/\" data-action=\"text_cta_1\" data-category=\"click_internal\"><strong>march\u00e9s de f<\/strong><strong>\u00ea<\/strong><strong>tes de fin d\u2019ann\u00e9e<\/strong><\/a>. Mais doit-on se pr\u00e9parer \u00e0 d\u00e9valer les pentes enneig\u00e9es de la Butte Montmartre en luge, comme lors de l\u2019hiver 2021 ? Faisons le point sur les <strong>\u00e9volutions m\u00e9t\u00e9orologiques attendues la semaine prochaine \u00e0 Paris et en \u00cele-de-France.<\/strong><\/p>\n<p> <strong>Coup de froid sur Paris ! Vent, neige, chute de temp\u00e9ratures\u2026 On vous dit tout <\/strong> <img fetchpriority=\"high\" decoding=\"async\" class=\"size-large wp-image-214799\" src=\"https:\/\/www.europesays.com\/fr\/wp-content\/uploads\/2025\/11\/Capture-decran-2025-11-14-a-15.52.50-1024x209.png\" alt=\"vague de froid France vent neige Paris Ile-de-France\" width=\"1024\" height=\"209\"  \/>capture M\u00e9t\u00e9o France <\/p>\n<p class=\"p1\">Un net coup de froid est annonc\u00e9, avec une <strong>chute d\u2019une dizaine de degr\u00e9s dans la capitale.<\/strong> Apr\u00e8s un d\u00e9but de mois exceptionnellement doux, la deuxi\u00e8me quinzaine de novembre s\u2019annonce bien diff\u00e9rente : la situation va litt\u00e9ralement basculer. D\u00e8s la semaine prochaine, les temp\u00e9ratures pourraient passer nettement sous les normales saisonni\u00e8res, et les premi\u00e8res gel\u00e9es (voire la neige) sont attendues dans plusieurs r\u00e9gions fran\u00e7aises. Mais <strong>qu\u2019en est-il de Paris et de l\u2019\u00cele-de-France ?<\/strong><\/p>\n<p> Des rafales de vent froid attendues et le souvenir d\u2019un 14 novembre 1919 marqu\u00e9 par 20 centim\u00e8tres de neige \u00e0 Paris\u2026 <\/p>\n<p><img loading=\"lazy\" decoding=\"async\" class=\"aligncenter size-large wp-image-214800\" src=\"https:\/\/www.europesays.com\/fr\/wp-content\/uploads\/2025\/11\/shutterstock_1178464249-1-1024x683.jpg\" alt=\"m\u00e9t\u00e9o Paris Ile de France vague de foird\" width=\"1024\" height=\"683\"  \/><\/p>\n<p class=\"p1\">\u00c0 compter de ce mardi 18 novembre, le changement se fera sentir : les <strong>temp\u00e9ratures matinales passeront de 15\u00b0C \u00e0 3\u00b0C<\/strong>. L\u2019apr\u00e8s-midi, les habituels 17, 18 ou m\u00eame 20\u00b0C laisseront place \u00e0 des <strong>valeurs proches de 7\u00b0C<\/strong>, comme pr\u00e9vu ce jeudi 20 novembre 2025. Pour l\u2019heure, aucune chute de neige n\u2019est annonc\u00e9e, mais l\u2019arriv\u00e9e de<strong> rafales de vent froid<\/strong> d\u00e8s le dimanche 23 novembre (avec des pointes \u00e0 45 km\/h tout au long de la semaine) renforcera la sensation hivernale. Le froid s\u2019installe donc durablement, mais une question demeure : <strong>la neige fera-t-elle bient\u00f4t son retour dans la capitale ?<\/strong> Quand la Ville Lumi\u00e8re rev\u00eatira-t-elle son long manteau blanc ? En tout cas, profitons des derniers jours de douceur en ce vendredi 14 novembre. Et souvenons-nous qu\u2019en ce m\u00eame jour, <strong>le 14 novembre 1919, une \u00e9paisse couche de neige de 20 \u00e0 25 centim\u00e8tres<\/strong> recouvrait les rues de Paris\u2026<\/p>\n","protected":false},"excerpt":{"rendered":"Save Adieu la douceur d\u2019un automne d\u00e9cid\u00e9ment tr\u00e8s cl\u00e9ment ! D\u00e8s la semaine prochaine, une vague de froid&hellip;\n","protected":false},"author":2,"featured_media":533917,"comment_status":"","ping_status":"","sticky":false,"template":"","format":"standard","meta":{"footnotes":""},"categories":[1592],"tags":[1111,11,13632,1777,674,1011,27,6736,662,12,626,25],"class_list":{"0":"post-533916","1":"post","2":"type-post","3":"status-publish","4":"format-standard","5":"has-post-thumbnail","7":"category-ile-de-france","8":"tag-actu","9":"tag-actualites","10":"tag-automne","11":"tag-eu","12":"tag-europe","13":"tag-fr","14":"tag-france","15":"tag-hiver","16":"tag-ile-de-france","17":"tag-news","18":"tag-paris","19":"tag-republique-francaise"},"share_on_mastodon":{"url":"https:\/\/pubeurope.com\/@fr\/115548732625931615","error":""},"_links":{"self":[{"href":"https:\/\/www.europesays.com\/fr\/wp-json\/wp\/v2\/posts\/533916","targetHints":{"allow":["GET"]}}],"collection":[{"href":"https:\/\/www.europesays.com\/fr\/wp-json\/wp\/v2\/posts"}],"about":[{"href":"https:\/\/www.europesays.com\/fr\/wp-json\/wp\/v2\/types\/post"}],"author":[{"embeddable":true,"href":"https:\/\/www.europesays.com\/fr\/wp-json\/wp\/v2\/users\/2"}],"replies":[{"embeddable":true,"href":"https:\/\/www.europesays.com\/fr\/wp-json\/wp\/v2\/comments?post=533916"}],"version-history":[{"count":0,"href":"https:\/\/www.europesays.com\/fr\/wp-json\/wp\/v2\/posts\/533916\/revisions"}],"wp:featuredmedia":[{"embeddable":true,"href":"https:\/\/www.europesays.com\/fr\/wp-json\/wp\/v2\/media\/533917"}],"wp:attachment":[{"href":"https:\/\/www.europesays.com\/fr\/wp-json\/wp\/v2\/media?parent=533916"}],"wp:term":[{"taxonomy":"category","embeddable":true,"href":"https:\/\/www.europesays.com\/fr\/wp-json\/wp\/v2\/categories?post=533916"},{"taxonomy":"post_tag","embeddable":true,"href":"https:\/\/www.europesays.com\/fr\/wp-json\/wp\/v2\/tags?post=533916"}],"curies":[{"name":"wp","href":"https:\/\/api.w.org\/{rel}","templated":true}]}}