{"id":533928,"date":"2025-11-14T15:27:13","date_gmt":"2025-11-14T15:27:13","guid":{"rendered":"https:\/\/www.europesays.com\/fr\/533928\/"},"modified":"2025-11-14T15:27:13","modified_gmt":"2025-11-14T15:27:13","slug":"zelensky-denonce-une-vague-de-frappes-malfaisantes-ayant-fait-plusieurs-morts","status":"publish","type":"post","link":"https:\/\/www.europesays.com\/fr\/533928\/","title":{"rendered":"Zelensky d\u00e9nonce une vague de frappes \u00ab malfaisantes \u00bb ayant fait plusieurs morts"},"content":{"rendered":"<p style=\"text-align:justify;\">AA \/ Istanbul \/ Alperen Aktas<\/p>\n<p style=\"text-align:justify;\">Le pr\u00e9sident ukrainien Volodymyr Zelensky a accus\u00e9 vendredi la Russie d\u2019avoir lanc\u00e9 une vague de frappes \u00ab malfaisantes \u00bb qui ont fait au moins quatre morts et plusieurs dizaines de bless\u00e9s, affirmant que des d\u00e9bris d\u2019un missile Iskander avaient \u00e9galement touch\u00e9 l\u2019ambassade d\u2019Azerba\u00efdjan \u00e0 Kiev.<\/p>\n<p style=\"text-align:justify;\">Dans un communiqu\u00e9, Zelensky a indiqu\u00e9 qu\u2019environ 430 drones et 18 missiles, dont des mod\u00e8les balistiques et a\u00e9robalistiques, avaient \u00e9t\u00e9 utilis\u00e9s lors de l\u2019attaque, endommageant des dizaines d\u2019immeubles r\u00e9sidentiels dans la capitale et frappant plusieurs r\u00e9gions du pays.<\/p>\n<p style=\"text-align:justify;\">Il a ajout\u00e9 qu\u2019un missile Zircon avait \u00e9t\u00e9 identifi\u00e9 de mani\u00e8re pr\u00e9liminaire dans la r\u00e9gion de Soumy.<\/p>\n<p style=\"text-align:justify;\">Les services d\u2019urgence poursuivaient leurs op\u00e9rations sur les sites touch\u00e9s, tandis que le ministre de l\u2019Int\u00e9rieur Ihor Klymenko et le commandant de l\u2019arm\u00e9e de l\u2019air Anatolii Kryvonozhko ont inform\u00e9 le chef de l\u2019\u00c9tat de l\u2019avanc\u00e9e des secours et des efforts de d\u00e9fense a\u00e9rienne.<\/p>\n<p style=\"text-align:justify;\">Zelensky a de nouveau exhort\u00e9 l\u2019Europe et les \u00c9tats-Unis \u00e0 fournir des syst\u00e8mes suppl\u00e9mentaires de d\u00e9fense a\u00e9rienne et des missiles intercepteurs, estimant que les sanctions doivent \u00eatre renforc\u00e9es afin de \u00ab mettre fin \u00e0 ces attaques contre la vie \u00bb.<\/p>\n<p style=\"text-align:justify;\">-Frappes en Ukraine et dans les r\u00e9gions russes<\/p>\n<p style=\"text-align:justify;\">Les d\u00e9clarations du pr\u00e9sident ukrainien interviennent apr\u00e8s l\u2019annonce par Moscou de la destruction de 216 drones ukrainiens dans la nuit, dans plusieurs r\u00e9gions et au-dessus de la mer Noire.<\/p>\n<p style=\"text-align:justify;\">Dans la ville russe de Novorossiisk, les autorit\u00e9s ont d\u00e9clar\u00e9 l\u2019\u00e9tat d\u2019urgence \u00e0 la suite d\u2019une attaque de drone, a indiqu\u00e9 son maire.<\/p>\n<p style=\"text-align:justify;\">Les autorit\u00e9s ukrainiennes ont, de leur c\u00f4t\u00e9, fait \u00e9tat de frappes russes massives dans de nombreuses r\u00e9gions.<\/p>\n<p style=\"text-align:justify;\">Dans la r\u00e9gion de Kherson, le chef r\u00e9gional Oleksandr Prokudin a d\u00e9clar\u00e9 que 36 localit\u00e9s avaient \u00e9t\u00e9 bombard\u00e9es, faisant un mort et trois bless\u00e9s. Des zones r\u00e9sidentielles, des infrastructures et des installations de transport ont \u00e9t\u00e9 touch\u00e9es, dont 18 habitations.<\/p>\n<p style=\"text-align:justify;\">Dans la r\u00e9gion de Zaporijjia, le gouverneur Ivan Fedorov a fait \u00e9tat de 731 frappes visant 20 localit\u00e9s, tuant quatre personnes. Il a mentionn\u00e9 des frappes a\u00e9riennes, des tirs de lance-roquettes multiples (MLRS) et plus de 400 attaques de drones, principalement de type FPV, dans des villes telles que Bilenke, Goulya\u00efpole et Mala Tokmatchka.<\/p>\n<p style=\"text-align:justify;\">Deux civils ont \u00e9galement \u00e9t\u00e9 tu\u00e9s lors d\u2019une autre attaque de drone FPV \u00e0 Preobrazhenka.<\/p>\n<p style=\"text-align:justify;\">\u00c0 Kyiv, le Service d\u2019\u00c9tat pour les situations d\u2019urgence a indiqu\u00e9 qu\u2019une personne avait \u00e9t\u00e9 tu\u00e9e et au moins 24 bless\u00e9es apr\u00e8s des frappes de missiles ayant provoqu\u00e9 des incendies dans plusieurs quartiers, entra\u00eenant l\u2019\u00e9vacuation d\u2019immeubles de grande hauteur.<\/p>\n<p style=\"text-align:justify;\">Dans la r\u00e9gion de Kirovohrad, le chef r\u00e9gional Andriy Raykovych a indiqu\u00e9 que 16 localit\u00e9s avaient \u00e9t\u00e9 priv\u00e9es d\u2019\u00e9lectricit\u00e9 apr\u00e8s qu\u2019une ligne \u00e0 haute tension a \u00e9t\u00e9 endommag\u00e9e par une frappe.<\/p>\n<p style=\"text-align:justify;\">Depuis plusieurs semaines, la Russie intensifie ses frappes contre l\u2019Ukraine, visant des zones r\u00e9sidentielles, des infrastructures \u00e9nerg\u00e9tiques et des positions militaires \u00e0 travers le pays. Kiev affirme que ces attaques massives, combinant missiles balistiques, drones explosifs et bombardements a\u00e9riens, visent \u00e0 \u00e9puiser ses capacit\u00e9s de d\u00e9fense a\u00e9rienne.<br \/>De son c\u00f4t\u00e9, Moscou fait r\u00e9guli\u00e8rement \u00e9tat d\u2019attaques de drones ukrainiens contre des r\u00e9gions frontali\u00e8res et des installations situ\u00e9es pr\u00e8s de la mer Noire.<\/p>\n<p style=\"text-align:justify;\">La guerre, entr\u00e9e dans sa troisi\u00e8me ann\u00e9e, demeure marqu\u00e9e par une escalade des frappes \u00e0 longue port\u00e9e, tandis que l\u2019Ukraine continue d\u2019appeler ses alli\u00e9s occidentaux \u00e0 renforcer l\u2019appui militaire, notamment en mati\u00e8re de syst\u00e8mes de d\u00e9fense a\u00e9rienne<\/p>\n<p style=\"text-align:justify;\">*Traduit de l&rsquo;anglais par Wafae El Baghouani<\/p>\n<p>                            &#13;<br \/>\n                                <a href=\"https:\/\/www.aa.com.tr\/fr\/p\/abonnement\/1001\" target=\"_blank\" style=\"font-size:12px; color:#444; text-decoration:none;\" rel=\"noopener\">&#13;<br \/>\n                                    Seulement une partie des d\u00e9p\u00eaches, que l&rsquo;Agence Anadolu diffuse \u00e0 ses abonn\u00e9s via le Syst\u00e8me de Diffusion interne (HAS), est diffus\u00e9e sur le site de l&rsquo;AA, de mani\u00e8re r\u00e9sum\u00e9e. <b style=\"color:#1897F7\">Contactez-nous s&rsquo;il vous pla\u00eet pour vous abonner.<\/b>&#13;<br \/>\n                                <\/a>&#13;<\/p>\n","protected":false},"excerpt":{"rendered":"AA \/ Istanbul \/ Alperen Aktas Le pr\u00e9sident ukrainien Volodymyr Zelensky a accus\u00e9 vendredi la Russie d\u2019avoir lanc\u00e9&hellip;\n","protected":false},"author":2,"featured_media":533929,"comment_status":"","ping_status":"","sticky":false,"template":"","format":"standard","meta":{"footnotes":""},"categories":[1590],"tags":[11,1785,43083,1777,674,17915,12,132,220,65350],"class_list":{"0":"post-533928","1":"post","2":"type-post","3":"status-publish","4":"format-standard","5":"has-post-thumbnail","7":"category-ukraine","8":"tag-actualites","9":"tag-anadolu-ajansi","10":"tag-azerbadjan","11":"tag-eu","12":"tag-europe","13":"tag-kyiv","14":"tag-news","15":"tag-russie","16":"tag-ukraine","17":"tag-volodimir-zelensky"},"share_on_mastodon":{"url":"https:\/\/pubeurope.com\/@fr\/115548759308454573","error":""},"_links":{"self":[{"href":"https:\/\/www.europesays.com\/fr\/wp-json\/wp\/v2\/posts\/533928","targetHints":{"allow":["GET"]}}],"collection":[{"href":"https:\/\/www.europesays.com\/fr\/wp-json\/wp\/v2\/posts"}],"about":[{"href":"https:\/\/www.europesays.com\/fr\/wp-json\/wp\/v2\/types\/post"}],"author":[{"embeddable":true,"href":"https:\/\/www.europesays.com\/fr\/wp-json\/wp\/v2\/users\/2"}],"replies":[{"embeddable":true,"href":"https:\/\/www.europesays.com\/fr\/wp-json\/wp\/v2\/comments?post=533928"}],"version-history":[{"count":0,"href":"https:\/\/www.europesays.com\/fr\/wp-json\/wp\/v2\/posts\/533928\/revisions"}],"wp:featuredmedia":[{"embeddable":true,"href":"https:\/\/www.europesays.com\/fr\/wp-json\/wp\/v2\/media\/533929"}],"wp:attachment":[{"href":"https:\/\/www.europesays.com\/fr\/wp-json\/wp\/v2\/media?parent=533928"}],"wp:term":[{"taxonomy":"category","embeddable":true,"href":"https:\/\/www.europesays.com\/fr\/wp-json\/wp\/v2\/categories?post=533928"},{"taxonomy":"post_tag","embeddable":true,"href":"https:\/\/www.europesays.com\/fr\/wp-json\/wp\/v2\/tags?post=533928"}],"curies":[{"name":"wp","href":"https:\/\/api.w.org\/{rel}","templated":true}]}}