{"id":533930,"date":"2025-11-14T15:28:12","date_gmt":"2025-11-14T15:28:12","guid":{"rendered":"https:\/\/www.europesays.com\/fr\/533930\/"},"modified":"2025-11-14T15:28:12","modified_gmt":"2025-11-14T15:28:12","slug":"les-etats-unis-reduisent-les-droits-de-douane-de-39-a-15","status":"publish","type":"post","link":"https:\/\/www.europesays.com\/fr\/533930\/","title":{"rendered":"les \u00c9tats-Unis r\u00e9duisent les droits de douane de 39% \u00e0 15%"},"content":{"rendered":"<p>\n    Un haut responsable am\u00e9ricain avait jug\u00e9 jeudi \u00abtr\u00e8s positifs\u00bb les \u00e9changes qui ont eu lieu \u00e0 la Maison Blanche avec une d\u00e9l\u00e9gation suisse, venue dans l\u2019espoir d\u2019obtenir un abaissement des surtaxes douani\u00e8res.<\/p>\n<p class=\"fig-paragraph\">Durement\u00a0<a href=\"http:\/\/www.lefigaro.fr\/conjoncture\/droits-de-douane-la-suisse-durement-touchee-des-industriels-exhortent-le-gouvernement-a-negocier-20250801\" target=\"_blank\" data-fig-type=\"NewsFlash\" rel=\"noopener nofollow\" data-gtm-custom-categorie=\"navigation\" data-gtm-custom-action=\"crossclick\" data-gtm-custom-label=\"Contextuel\" data-gtm-event=\"customEventSPE\" data-fig-domain=\"LEFIGARO\">touch\u00e9e par les droits de douane am\u00e9ricains<\/a>, la Suisse voit le fardeau s\u2019all\u00e9ger. Le Conseil f\u00e9d\u00e9ral (gouvernement) suisse a annonc\u00e9 vendredi que les \u00c9tats-Unis avaient consenti \u00e0 r\u00e9duire les droits de douane impos\u00e9s aux produits helv\u00e9tiques, les faisant passer de 39% \u00e0 15%. \u00abLa Suisse et les \u00c9tats-Unis ont trouv\u00e9 une solution\u00a0: les droits de douane seront r\u00e9duits \u00e0 15%. Merci au pr\u00e9sident (Donald) Trump pour son engagement constructif\u00bb, a annonc\u00e9 le Conseil f\u00e9d\u00e9ral sur le r\u00e9seau social X.<\/p>\n<p class=\"fig-paragraph\">Un haut responsable am\u00e9ricain avait jug\u00e9 jeudi\u00a0<a href=\"http:\/\/www.lefigaro.fr\/flash-eco\/droits-de-douane-washington-evoque-des-echanges-tres-positifs-avec-la-delegation-suisse-20251114\" target=\"_blank\" data-fig-type=\"NewsFlash\" rel=\"noopener nofollow\" data-gtm-custom-categorie=\"navigation\" data-gtm-custom-action=\"crossclick\" data-gtm-custom-label=\"Contextuel\" data-gtm-event=\"customEventSPE\" data-fig-domain=\"LEFIGARO\">\u00abtr\u00e8s positifs\u00bb les \u00e9changes<\/a>\u00a0qui ont eu lieu \u00e0 la Maison Blanche avec une d\u00e9l\u00e9gation suisse, venue dans l\u2019espoir d\u2019obtenir une r\u00e9duction des droits de douane visant les exportations helv\u00e9tiques.<\/p>\n<p>                                    <a class=\"fig-a11y-skip a11y-hidden\" href=\"#fig-a11y-skip-main-inarticle\"><br \/>\n        Passer la publicit\u00e9<br \/>\n    <\/a><\/p>\n<p class=\"fig-paragraph\">Plus d\u2019informations \u00e0 venir&#8230;<\/p>\n","protected":false},"excerpt":{"rendered":"Un haut responsable am\u00e9ricain avait jug\u00e9 jeudi \u00abtr\u00e8s positifs\u00bb les \u00e9changes qui ont eu lieu \u00e0 la Maison&hellip;\n","protected":false},"author":2,"featured_media":533931,"comment_status":"","ping_status":"","sticky":false,"template":"","format":"standard","meta":{"footnotes":""},"categories":[1589],"tags":[11,981,73,1866,12,3067,1864,1865,1863,308],"class_list":{"0":"post-533930","1":"post","2":"type-post","3":"status-publish","4":"format-standard","5":"has-post-thumbnail","7":"category-etats-unis","8":"tag-actualites","9":"tag-douane","10":"tag-etats-unis","11":"tag-etats-unis-damerique","12":"tag-news","13":"tag-suisse","14":"tag-united-states","15":"tag-united-states-of-america","16":"tag-us","17":"tag-usa"},"share_on_mastodon":{"url":"https:\/\/pubeurope.com\/@fr\/115548763270620530","error":""},"_links":{"self":[{"href":"https:\/\/www.europesays.com\/fr\/wp-json\/wp\/v2\/posts\/533930","targetHints":{"allow":["GET"]}}],"collection":[{"href":"https:\/\/www.europesays.com\/fr\/wp-json\/wp\/v2\/posts"}],"about":[{"href":"https:\/\/www.europesays.com\/fr\/wp-json\/wp\/v2\/types\/post"}],"author":[{"embeddable":true,"href":"https:\/\/www.europesays.com\/fr\/wp-json\/wp\/v2\/users\/2"}],"replies":[{"embeddable":true,"href":"https:\/\/www.europesays.com\/fr\/wp-json\/wp\/v2\/comments?post=533930"}],"version-history":[{"count":0,"href":"https:\/\/www.europesays.com\/fr\/wp-json\/wp\/v2\/posts\/533930\/revisions"}],"wp:featuredmedia":[{"embeddable":true,"href":"https:\/\/www.europesays.com\/fr\/wp-json\/wp\/v2\/media\/533931"}],"wp:attachment":[{"href":"https:\/\/www.europesays.com\/fr\/wp-json\/wp\/v2\/media?parent=533930"}],"wp:term":[{"taxonomy":"category","embeddable":true,"href":"https:\/\/www.europesays.com\/fr\/wp-json\/wp\/v2\/categories?post=533930"},{"taxonomy":"post_tag","embeddable":true,"href":"https:\/\/www.europesays.com\/fr\/wp-json\/wp\/v2\/tags?post=533930"}],"curies":[{"name":"wp","href":"https:\/\/api.w.org\/{rel}","templated":true}]}}