{"id":533938,"date":"2025-11-14T15:33:19","date_gmt":"2025-11-14T15:33:19","guid":{"rendered":"https:\/\/www.europesays.com\/fr\/533938\/"},"modified":"2025-11-14T15:33:19","modified_gmt":"2025-11-14T15:33:19","slug":"pourquoi-y-a-t-il-eu-de-longues-files-dattente-a-brussels-airport-ce-vendredi","status":"publish","type":"post","link":"https:\/\/www.europesays.com\/fr\/533938\/","title":{"rendered":"Pourquoi y a-t-il eu de longues files d&rsquo;attente \u00e0 Brussels Airport ce vendredi\u00a0?"},"content":{"rendered":"<p class=\"ap-StoryElement ap-StoryElement--mb ap-StoryText\">Les contr\u00f4leurs douaniers ont d\u00e9cid\u00e9 de se mobiliser ce vendredi et leur gr\u00e8ve du z\u00e8le a provoqu\u00e9 de longues files d&rsquo;attente \u00e0 Brussels Airport. L&rsquo;information nous a \u00e9t\u00e9 confirm\u00e9e par le porte-parole de l&rsquo;a\u00e9roport, mais la situation serait revenue \u00e0 la normale dans l&rsquo;apr\u00e8s-midi.<\/p>\n<p class=\"ap-StoryElement ap-StoryElement--mb ap-StoryText\">Seules les arriv\u00e9es \u00e9taient impact\u00e9es car il \u00e9tait plus long de r\u00e9cup\u00e9rer certains bagages. Ces retards ont \u00e9t\u00e9 provoqu\u00e9s par le manque d&rsquo;effectifs: il y avait trop peu de personnel pour contr\u00f4ler les bagages transport\u00e9s en soute.<\/p>\n<p>Pour acc\u00e9der \u00e0 cet article, veuillez vous connecter au r\u00e9seau internet.<\/p>\n","protected":false},"excerpt":{"rendered":"Les contr\u00f4leurs douaniers ont d\u00e9cid\u00e9 de se mobiliser ce vendredi et leur gr\u00e8ve du z\u00e8le a provoqu\u00e9 de&hellip;\n","protected":false},"author":2,"featured_media":533939,"comment_status":"","ping_status":"","sticky":false,"template":"","format":"standard","meta":{"footnotes":""},"categories":[1586],"tags":[65351,65352,65353,65354,11,65355,65356,65357,65358,7182,888,37790,65359,65360,65361,65362,1777,674,1779,65363,47593,65364,1011,27,65365,10356,65366,65367,64434,65368,21438,65369,12,49200,25,65370,44,3875,2803,15269,10030,51190,1778,364,50262],"class_list":{"0":"post-533938","1":"post","2":"type-post","3":"status-publish","4":"format-standard","5":"has-post-thumbnail","7":"category-europe","8":"tag-65351","9":"tag-737-10-max","10":"tag-737-max-10","11":"tag-737-ng","12":"tag-actualites","13":"tag-aircraft","14":"tag-airliner","15":"tag-airplane","16":"tag-airways","17":"tag-aviation","18":"tag-boeing","19":"tag-brand","20":"tag-carrier","21":"tag-company-colors","22":"tag-corporate-colors","23":"tag-engines","24":"tag-eu","25":"tag-europe","26":"tag-european-union","27":"tag-experimental","28":"tag-flight","29":"tag-fly","30":"tag-fr","31":"tag-france","32":"tag-fuselage","33":"tag-industry","34":"tag-jet","35":"tag-jet-airliner","36":"tag-journey","37":"tag-leap","38":"tag-logo","39":"tag-n27751","40":"tag-news","41":"tag-plane","42":"tag-republique-francaise","43":"tag-runway","44":"tag-technology","45":"tag-tourism","46":"tag-transport","47":"tag-transportation","48":"tag-travel","49":"tag-trip","50":"tag-ue","51":"tag-union-europeenne","52":"tag-vacation"},"share_on_mastodon":{"url":"","error":"Validation failed: Text character limit of 500 exceeded"},"_links":{"self":[{"href":"https:\/\/www.europesays.com\/fr\/wp-json\/wp\/v2\/posts\/533938","targetHints":{"allow":["GET"]}}],"collection":[{"href":"https:\/\/www.europesays.com\/fr\/wp-json\/wp\/v2\/posts"}],"about":[{"href":"https:\/\/www.europesays.com\/fr\/wp-json\/wp\/v2\/types\/post"}],"author":[{"embeddable":true,"href":"https:\/\/www.europesays.com\/fr\/wp-json\/wp\/v2\/users\/2"}],"replies":[{"embeddable":true,"href":"https:\/\/www.europesays.com\/fr\/wp-json\/wp\/v2\/comments?post=533938"}],"version-history":[{"count":0,"href":"https:\/\/www.europesays.com\/fr\/wp-json\/wp\/v2\/posts\/533938\/revisions"}],"wp:featuredmedia":[{"embeddable":true,"href":"https:\/\/www.europesays.com\/fr\/wp-json\/wp\/v2\/media\/533939"}],"wp:attachment":[{"href":"https:\/\/www.europesays.com\/fr\/wp-json\/wp\/v2\/media?parent=533938"}],"wp:term":[{"taxonomy":"category","embeddable":true,"href":"https:\/\/www.europesays.com\/fr\/wp-json\/wp\/v2\/categories?post=533938"},{"taxonomy":"post_tag","embeddable":true,"href":"https:\/\/www.europesays.com\/fr\/wp-json\/wp\/v2\/tags?post=533938"}],"curies":[{"name":"wp","href":"https:\/\/api.w.org\/{rel}","templated":true}]}}