{"id":533955,"date":"2025-11-14T15:47:17","date_gmt":"2025-11-14T15:47:17","guid":{"rendered":"https:\/\/www.europesays.com\/fr\/533955\/"},"modified":"2025-11-14T15:47:17","modified_gmt":"2025-11-14T15:47:17","slug":"cette-photo-dun-parachutiste-tombant-devant-le-soleil-est-a-peine-croyable","status":"publish","type":"post","link":"https:\/\/www.europesays.com\/fr\/533955\/","title":{"rendered":"Cette photo d&rsquo;un parachutiste tombant devant le Soleil est \u00e0 peine croyable"},"content":{"rendered":"<p>Un spectaculaire clich\u00e9 du Soleil a \u00e9t\u00e9 partag\u00e9 par l\u2019astrophotographe Andrew McCarthy. Ce passionn\u00e9 d\u2019espace a immortalis\u00e9 le saut en parachute d\u2019un ami, avec pour arri\u00e8re-plan la surface d\u00e9taill\u00e9e de l\u2019\u00e9toile.<\/p>\n<p>L\u2019image parait tellement improbable qu\u2019on pourrait se demander <a href=\"https:\/\/www.numerama.com\/tech\/1748358-comment-les-images-sont-elles-generees-par-des-ia-comme-dall-e-ou-midjourney.html\" target=\"_blank\" rel=\"noopener\">si elle a \u00e9t\u00e9 g\u00e9n\u00e9r\u00e9e par une intelligence artificielle<\/a>. Le 13 novembre 2025, Andrew McCarthy a partag\u00e9 sur X un clich\u00e9 rare du <a href=\"https:\/\/www.numerama.com\/sciences\/832387-le-soleil-tout-savoir-sur-letoile-du-systeme-solaire.html\" data-popover-target=\"definition\" data-tag=\"Le Soleil\u00a0: tout savoir sur l\u2019\u00e9toile du syst\u00e8me solaire en 22 questions\" data-chapo=\"Le Soleil est une \u00e9toile. Pas n&#039;importe laquelle : l&#039;\u00e9toile de notre syst\u00e8me solaire. C&#039;est autour de lui que la Terre, les autres plan\u00e8tes et encore bien d&#039;autres objets tournent continuellement.\" data-image=\"https:\/\/c0.lestechnophiles.com\/www.numerama.com\/wp-content\/uploads\/2025\/04\/solar-orbiter-1024x1024.jpg?key=d675f100\" target=\"_blank\" rel=\"noopener\">Soleil<\/a>. Cet astrophotographe, qui r\u00e9side dans l\u2019Arizona, a depuis longtemps habitu\u00e9 ses abonn\u00e9s \u00e0 ses sublimes images du ciel. Il s\u2019est cependant surpass\u00e9 lors de cette nouvelle session d\u2019observation.<\/p>\n<p>Devant un arri\u00e8re plan int\u00e9gralement constitu\u00e9 par la surface du Soleil, dont on per\u00e7oit les remous incandescents, un individu dont on ne distingue que la silhouette sombre tombe. Il s\u2019agit en fait d\u2019un parachutiste, en plein saut.<\/p>\n<p>\u00ab Une planification minutieuse et une grande pr\u00e9cision technique ont \u00e9t\u00e9 n\u00e9cessaires pour obtenir cette image absolument incroyable : j\u2019ai photographi\u00e9 mon ami <a href=\"https:\/\/www.youtube.com\/blackgryph0n\" target=\"_blank\" rel=\"noreferrer noopener\">Black Gryph0n<\/a> [un musicien et youtubeur, Gabriel Brown, dont le r\u00eave est d\u2019ailleurs d\u2019enregistrer une chanson dans l\u2019espace] passant devant le soleil lors d\u2019un saut en parachute \u00bb, <a href=\"https:\/\/x.com\/AJamesMcCarthy\/status\/1989027887689998561\" target=\"_blank\" rel=\"noreferrer noopener\">raconte<\/a> l\u2019auteur du clich\u00e9 sur X.<\/p>\n<p><a href=\"https:\/\/www.numerama.com\/wp-content\/uploads\/2025\/11\/andrew-mccarthy-soleil-2.jpg\" target=\"_blank\" rel=\"noopener\"><img decoding=\"async\" width=\"1024\" height=\"576\" loading=\"lazy\" alt=\"La photo, surr\u00e9aliste, mais v\u00e9ritable. \/\/ Source : Andrew James McCarthy\" title=\"La photo, surr\u00e9aliste, mais v\u00e9ritable. \/\/ Source : Andrew James McCarthy\" class=\"wp-image-2118215 placeholder-default wp-image\" src=\"https:\/\/www.europesays.com\/fr\/wp-content\/uploads\/2025\/11\/andrew-mccarthy-soleil-2-1024x576.jpg\" \/><\/a>La photo, surr\u00e9aliste, mais v\u00e9ritable. \/\/ Source : <a target=\"_blank\" href=\"https:\/\/cosmicbackground.io\/pages\/ea_the-fall-of-icarus\" rel=\"noopener\">Andrew James McCarthy<\/a><\/p>\n<p>L\u2019astuce du photographe pour r\u00e9v\u00e9ler l\u2019atmosph\u00e8re du Soleil<\/p>\n<p>Andrew McCarthy a <a href=\"https:\/\/x.com\/AJamesMcCarthy\/status\/1989028232893759914\" target=\"_blank\" rel=\"noreferrer noopener\">r\u00e9v\u00e9l\u00e9<\/a> un peu plus de d\u00e9tails sur les coulisses de cette photographie exceptionnelle. Il montre ainsi \u00e0 quoi ressemblait le saut en parachute de son ami, et explique avoir immortalis\u00e9 l\u2019instant en se servant de la lumi\u00e8re \u00e9mise par l\u2019hydrog\u00e8ne pour r\u00e9v\u00e9ler l\u2019atmosph\u00e8re solaire. Il renvoie \u00e9galement vers <a href=\"https:\/\/cosmicbackground.io\/pages\/ea_the-fall-of-icarus\" target=\"_blank\" rel=\"noreferrer noopener\">une version imprim\u00e9e<\/a> de sa photographie qu\u2019il est possible d\u2019acheter sur son site. La photo y est vendue sous le nom \u00ab La Chute d\u2019Icare \u00bb, probablement en r\u00e9f\u00e9rence \u00e0 un tableau (<a href=\"https:\/\/www.collegedesbernardins.fr\/magazine\/article\/la-chute-dicare-comment-eviter-la-tragedie\" target=\"_blank\" rel=\"noreferrer noopener\">perdu<\/a>) de Pieter Brueghel l\u2019Ancien.<\/p>\n<blockquote class=\"twitter-tweet\" data-width=\"500\" data-dnt=\"true\">\n<p lang=\"en\" dir=\"ltr\">The moment of the jump, captured in hydrogen alpha light to resolve the sun\u2019s atmosphere.<\/p>\n<p>We decided to release the photo in print- both as an up close shot and showing the full disc of the sun, which you can see here: <a href=\"https:\/\/t.co\/K4DovGV4ni\">https:\/\/t.co\/K4DovGV4ni<\/a> <a href=\"https:\/\/t.co\/hYHg7rZXdK\">pic.twitter.com\/hYHg7rZXdK<\/a><\/p>\n<p>\u2014 Andrew McCarthy (@AJamesMcCarthy) <a href=\"https:\/\/twitter.com\/AJamesMcCarthy\/status\/1989028232893759914?ref_src=twsrc%5Etfw\" target=\"_blank\" rel=\"noopener\">November 13, 2025<\/a><\/p><\/blockquote>\n<p>            Ce contenu est bloqu\u00e9 car vous n\u2019avez pas accept\u00e9 les cookies et autres traceurs. Ce contenu est fourni par Twitter.<br \/>Pour pouvoir le visualiser, vous devez accepter l\u2019usage \u00e9tant op\u00e9r\u00e9 par Twitter avec vos donn\u00e9es qui pourront \u00eatre utilis\u00e9es pour les finalit\u00e9s suivantes : vous permettre de visualiser et de partager des contenus avec des m\u00e9dias sociaux, favoriser le d\u00e9veloppement et l\u2019am\u00e9lioration des produits d\u2019Humanoid et de ses partenaires, vous afficher des publicit\u00e9s personnalis\u00e9es par rapport \u00e0 votre profil et activit\u00e9, vous d\u00e9finir un profil publicitaire personnalis\u00e9, mesurer la performance des publicit\u00e9s et du contenu de ce site et mesurer l\u2019audience de ce site <a href=\"#\" class=\"js-privacy\" target=\"_blank\">(en savoir plus)<\/a>        <\/p>\n<p>            En cliquant sur \u00ab J\u2019accepte tout \u00bb, vous consentez aux finalit\u00e9s susmentionn\u00e9es pour l\u2019ensemble des cookies et autres traceurs d\u00e9pos\u00e9s par Humanoid et <a class=\"embed-consent-overlay-vendors-link\" href=\"#preferences-vendeurs\">ses partenaires<\/a>.        <\/p>\n<p>            Vous gardez la possibilit\u00e9 de retirer votre consentement \u00e0 tout moment. Pour plus d\u2019informations, nous vous invitons \u00e0 prendre connaissance de notre <a href=\"https:\/\/www.numerama.com\/politique-cookies\" target=\"_blank\" rel=\"noopener\">Politique cookies<\/a>.        <\/p>\n<p>        J\u2019accepte tout    <\/p>\n<p class=\"embed-consent-overlay-manage-choices\">        <a href=\"#preferences-publicitaires\">G\u00e9rer mes choix<\/a>    <\/p>\n<p>Les deux amis, passionn\u00e9s d\u2019espace, auraient eu l\u2019id\u00e9e de r\u00e9aliser ce clich\u00e9 ambitieux <a href=\"https:\/\/x.com\/AJamesMcCarthy\/status\/1989029301308862845\" target=\"_blank\" rel=\"noreferrer noopener\">apr\u00e8s un saut en parachute<\/a> ensemble. Le 11 novembre, Andrew McCarthy s\u2019\u00e9tait amus\u00e9 \u00e0 teaser la photo \u00e0 venir, en <a href=\"https:\/\/x.com\/AJamesMcCarthy\/status\/1988298556609020362\" target=\"_blank\" rel=\"noreferrer noopener\">publiant une vid\u00e9o<\/a> tourn\u00e9e lorsqu\u2019il a obtenu la photo. On peut y entendre sa r\u00e9action spontan\u00e9e, et celle des personnes qui l\u2019accompagnent, lorsque le clich\u00e9 s\u2019est affich\u00e9 devant eux. \u00ab Est-ce que \u00e7a valait le coup ou pas \u00bb, a-t-il comment\u00e9 ce 14 novembre, apr\u00e8s avoir r\u00e9v\u00e9l\u00e9 la photo. Assur\u00e9ment.<\/p>\n<p>    Pour aller plus loin<\/p>\n<p>                <img decoding=\"async\" width=\"87\" height=\"87\" loading=\"lazy\" alt=\"Le Soleil vu par Solar Orbiter. \/\/ Source : ESA &amp; NASA\/Solar Orbiter\/EUI Team, E. Kraaikamp (ROB)\" title=\"Le Soleil vu par Solar Orbiter. \/\/ Source : ESA &amp; NASA\/Solar Orbiter\/EUI Team, E. Kraaikamp (ROB)\" class=\"placeholder-default wp-image\" src=\"https:\/\/www.europesays.com\/fr\/wp-content\/uploads\/2025\/11\/soleil-solar-orbiter-200x200.jpg\" \/>            <\/p>\n<p>            <img decoding=\"async\" src=\"https:\/\/www.europesays.com\/fr\/wp-content\/uploads\/2025\/04\/iPhone-16-pro.png\" alt=\"Toute l'actu tech en un clien d'oeil\"\/><\/p>\n<p class=\"card-install-pwa__title\">Toute l&rsquo;actu tech en un clin d&rsquo;\u0153il<\/p>\n<p class=\"card-install-pwa__description\">Ajoutez Numerama \u00e0 votre \u00e9cran d&rsquo;accueil et restez connect\u00e9s au futur !<\/p>\n<p>            <img decoding=\"async\" src=\"https:\/\/www.numerama.com\/wp-content\/themes\/numerama-next\/assets\/images\/premium\/logo-card-pwa-coupe.svg\" alt=\"Logo PWA\"\/><\/p>\n<p>       Installer Numerama<\/p>\n<p class=\"title\">\n            Tout savoir sur l&rsquo;\u00e9toile du syst\u00e8me solaire, le             <a href=\"https:\/\/www.numerama.com\/sciences\/832387-le-soleil-tout-savoir-sur-letoile-du-systeme-solaire.html\" target=\"_blank\" rel=\"noopener\"><br \/>\n                Soleil            <\/a>\n        <\/p>\n<p>        <script async src=\"https:\/\/platform.twitter.com\/widgets.js\" charset=\"utf-8\"><\/script><\/p>\n","protected":false},"excerpt":{"rendered":"Un spectaculaire clich\u00e9 du Soleil a \u00e9t\u00e9 partag\u00e9 par l\u2019astrophotographe Andrew McCarthy. Ce passionn\u00e9 d\u2019espace a immortalis\u00e9 le&hellip;\n","protected":false},"author":2,"featured_media":533956,"comment_status":"","ping_status":"","sticky":false,"template":"","format":"standard","meta":{"footnotes":""},"categories":[1358],"tags":[1348,1384,1385,1386,58,59,6458,1011,27,1756,4904],"class_list":{"0":"post-533955","1":"post","2":"type-post","3":"status-publish","4":"format-standard","5":"has-post-thumbnail","7":"category-arts-et-design","8":"tag-arts","9":"tag-arts-and-design","10":"tag-arts-et-design","11":"tag-design","12":"tag-divertissement","13":"tag-entertainment","14":"tag-etoiles","15":"tag-fr","16":"tag-france","17":"tag-photographie","18":"tag-soleil"},"share_on_mastodon":{"url":"https:\/\/pubeurope.com\/@fr\/115548838560599932","error":""},"_links":{"self":[{"href":"https:\/\/www.europesays.com\/fr\/wp-json\/wp\/v2\/posts\/533955","targetHints":{"allow":["GET"]}}],"collection":[{"href":"https:\/\/www.europesays.com\/fr\/wp-json\/wp\/v2\/posts"}],"about":[{"href":"https:\/\/www.europesays.com\/fr\/wp-json\/wp\/v2\/types\/post"}],"author":[{"embeddable":true,"href":"https:\/\/www.europesays.com\/fr\/wp-json\/wp\/v2\/users\/2"}],"replies":[{"embeddable":true,"href":"https:\/\/www.europesays.com\/fr\/wp-json\/wp\/v2\/comments?post=533955"}],"version-history":[{"count":0,"href":"https:\/\/www.europesays.com\/fr\/wp-json\/wp\/v2\/posts\/533955\/revisions"}],"wp:featuredmedia":[{"embeddable":true,"href":"https:\/\/www.europesays.com\/fr\/wp-json\/wp\/v2\/media\/533956"}],"wp:attachment":[{"href":"https:\/\/www.europesays.com\/fr\/wp-json\/wp\/v2\/media?parent=533955"}],"wp:term":[{"taxonomy":"category","embeddable":true,"href":"https:\/\/www.europesays.com\/fr\/wp-json\/wp\/v2\/categories?post=533955"},{"taxonomy":"post_tag","embeddable":true,"href":"https:\/\/www.europesays.com\/fr\/wp-json\/wp\/v2\/tags?post=533955"}],"curies":[{"name":"wp","href":"https:\/\/api.w.org\/{rel}","templated":true}]}}