{"id":533959,"date":"2025-11-14T15:50:21","date_gmt":"2025-11-14T15:50:21","guid":{"rendered":"https:\/\/www.europesays.com\/fr\/533959\/"},"modified":"2025-11-14T15:50:21","modified_gmt":"2025-11-14T15:50:21","slug":"alain-souchon-se-lache-sur-rtl-je-ne-pense-pas-que-les-francais-soient-assez-cons-pour-elire-quelquun-du-front-national-si-cest-le-cas-on-irait-en-suisse-regardez","status":"publish","type":"post","link":"https:\/\/www.europesays.com\/fr\/533959\/","title":{"rendered":"Alain Souchon se l\u00e2che sur RTL: \u00ab\u00a0Je ne pense pas que les Fran\u00e7ais soient assez cons pour \u00e9lire quelqu\u2019un du Front National ! Si c\u2019est le cas, on irait en Suisse\u00a0\u00bb &#8211; Regardez"},"content":{"rendered":"<p>Ce matin, \u00e0 l&rsquo;occasion d&rsquo;une journ\u00e9e sp\u00e9ciale consacr\u00e9e \u00e0 Alain Souchon, le chanteur \u00e9tait l&rsquo;invit\u00e9 de RTL. Au cours de l&rsquo;interview, le chanteur s&rsquo;est l\u00e2ch\u00e9 et a \u00e9voqu\u00e9 la politique.<\/p>\n<p>\u00ab\u00a0Si jamais il y avait un pr\u00e9sident venant du Rassemblement National, il y aurait une r\u00e9volution\u00a0\u00bb, a-t-il d\u00e9clar\u00e9. \u00ab\u00a0Qu&rsquo;est-ce qui vous fait dire \u00e7a ? Quand vous voyez un sondage o\u00f9 Marine Le Pen est \u00e0 35%\u00a0\u00bb, lui a alors demand\u00e9 Marc-Olivier Fogiel.<\/p>\n<p>\u00ab\u00a0Oui, 35% c&rsquo;est pas 50%. Je ne crois pas que les Fran\u00e7ais soient assez cons pour \u00e9lire quelqu&rsquo;un du Front National pour diriger\u00a0\u00bb, a r\u00e9pondu Alain Souchon.<\/p>\n<p>Et de poursuivre : \u00ab\u00a0Que les gens du Front National soient l\u00e0 pour asticoter le pouvoir, pour dire qu&rsquo;il faut faire \u00e7a&#8230; Ca c&rsquo;est normal, c&rsquo;est la d\u00e9mocratie\u00a0\u00bb. \u00ab\u00a0Si jamais \u00e7a arrivait, on irait en Suisse\u00a0\u00bb, a r\u00e9v\u00e9l\u00e9 le chanteur sur RTL.<\/p>\n","protected":false},"excerpt":{"rendered":"Ce matin, \u00e0 l&rsquo;occasion d&rsquo;une journ\u00e9e sp\u00e9ciale consacr\u00e9e \u00e0 Alain Souchon, le chanteur \u00e9tait l&rsquo;invit\u00e9 de RTL. Au&hellip;\n","protected":false},"author":2,"featured_media":533960,"comment_status":"","ping_status":"","sticky":false,"template":"","format":"standard","meta":{"footnotes":""},"categories":[1355],"tags":[36362,58,59,1011,27,1361,873,316,1078],"class_list":{"0":"post-533959","1":"post","2":"type-post","3":"status-publish","4":"format-standard","5":"has-post-thumbnail","7":"category-musique","8":"tag-alain-souchon","9":"tag-divertissement","10":"tag-entertainment","11":"tag-fr","12":"tag-france","13":"tag-music","14":"tag-musique","15":"tag-politique","16":"tag-rassemblement-national"},"share_on_mastodon":{"url":"https:\/\/pubeurope.com\/@fr\/115548849822731667","error":""},"_links":{"self":[{"href":"https:\/\/www.europesays.com\/fr\/wp-json\/wp\/v2\/posts\/533959","targetHints":{"allow":["GET"]}}],"collection":[{"href":"https:\/\/www.europesays.com\/fr\/wp-json\/wp\/v2\/posts"}],"about":[{"href":"https:\/\/www.europesays.com\/fr\/wp-json\/wp\/v2\/types\/post"}],"author":[{"embeddable":true,"href":"https:\/\/www.europesays.com\/fr\/wp-json\/wp\/v2\/users\/2"}],"replies":[{"embeddable":true,"href":"https:\/\/www.europesays.com\/fr\/wp-json\/wp\/v2\/comments?post=533959"}],"version-history":[{"count":0,"href":"https:\/\/www.europesays.com\/fr\/wp-json\/wp\/v2\/posts\/533959\/revisions"}],"wp:featuredmedia":[{"embeddable":true,"href":"https:\/\/www.europesays.com\/fr\/wp-json\/wp\/v2\/media\/533960"}],"wp:attachment":[{"href":"https:\/\/www.europesays.com\/fr\/wp-json\/wp\/v2\/media?parent=533959"}],"wp:term":[{"taxonomy":"category","embeddable":true,"href":"https:\/\/www.europesays.com\/fr\/wp-json\/wp\/v2\/categories?post=533959"},{"taxonomy":"post_tag","embeddable":true,"href":"https:\/\/www.europesays.com\/fr\/wp-json\/wp\/v2\/tags?post=533959"}],"curies":[{"name":"wp","href":"https:\/\/api.w.org\/{rel}","templated":true}]}}