{"id":533971,"date":"2025-11-14T15:57:13","date_gmt":"2025-11-14T15:57:13","guid":{"rendered":"https:\/\/www.europesays.com\/fr\/533971\/"},"modified":"2025-11-14T15:57:13","modified_gmt":"2025-11-14T15:57:13","slug":"lobesite-et-diabete-parmi-les-causes-de-refus-dun-visa-dimmigration","status":"publish","type":"post","link":"https:\/\/www.europesays.com\/fr\/533971\/","title":{"rendered":"L&rsquo;ob\u00e9sit\u00e9 et diab\u00e8te parmi les causes de refus d&rsquo;un visa d\u2019immigration"},"content":{"rendered":"<p>La politique migratoire de <a href=\"https:\/\/www.20minutes.fr\/dossier\/donald_trump\" class=\"c-link c-link--is-underlined\" rel=\"nofollow noopener\" target=\"_blank\">Trump<\/a> toujours plus dure. Les \u00e9trangers cherchant \u00e0 \u00e9migrer aux <a href=\"https:\/\/www.20minutes.fr\/monde\/etats-unis\/\" class=\"c-link c-link--is-underlined\" rel=\"nofollow noopener\" target=\"_blank\">Etats-Unis<\/a> pourraient se voir refuser un visa en raison de leur \u00e9tat de sant\u00e9, dont l\u2019<a href=\"https:\/\/www.20minutes.fr\/dossier\/obesite\" class=\"c-link c-link--is-underlined\" rel=\"nofollow noopener\" target=\"_blank\">ob\u00e9sit\u00e9<\/a>, selon une directive du d\u00e9partement d\u2019Etat. Les nouvelles r\u00e8gles, qui \u00e9largissent consid\u00e9rablement celles d\u00e9j\u00e0 en vigueur, figurent dans une notice envoy\u00e9e plus t\u00f4t ce mois-ci par le secr\u00e9taire d\u2019Etat <a href=\"https:\/\/www.20minutes.fr\/politique\/marco-rubio\/\" class=\"c-link c-link--is-underlined\" rel=\"nofollow noopener\" target=\"_blank\">Marco Rubio<\/a> aux ambassades et consulats am\u00e9ricains \u00e0 travers le monde.<\/p>\n<p>Parmi les pathologies cit\u00e9es figurent l\u2019ob\u00e9sit\u00e9, le <a href=\"https:\/\/www.20minutes.fr\/dossier\/diabete\" class=\"c-link c-link--is-underlined\" rel=\"nofollow noopener\" target=\"_blank\">diab\u00e8te<\/a> ou le <a href=\"https:\/\/www.20minutes.fr\/dossier\/cancer\" class=\"c-link c-link--is-underlined\" rel=\"nofollow noopener\" target=\"_blank\">cancer<\/a> qui peuvent n\u00e9cessiter \u00ab\u00a0des soins co\u00fbtant plusieurs centaines de milliers de dollars\u00a0\u00bb. Il est aussi demand\u00e9 aux ambassades d\u2019\u00e9valuer si les personnes \u00e0 charge ont des \u00ab\u00a0handicaps, des maladies chroniques ou d\u2019autres besoins particuliers et n\u00e9cessitent des soins\u00a0\u00bb.<\/p>\n<p>Les Etats-Unis sont un des pays les plus touch\u00e9s par l\u2019ob\u00e9sit\u00e9<\/p>\n<p>Les Etats-Unis sont l\u2019un des pays les plus touch\u00e9s par l\u2019ob\u00e9sit\u00e9 dans le monde, en raison notamment de l\u2019alimentation et du manque d\u2019exercice physique. Depuis son retour au pouvoir en janvier, le pr\u00e9sident Donald Trump a \u00e9rig\u00e9 la lutte contre l\u2019immigration clandestine en priorit\u00e9 absolue, mais il a aussi consid\u00e9rablement durci les conditions d\u2019entr\u00e9e aux Etats-Unis de migrants r\u00e9guliers. Par ailleurs, le d\u00e9partement d\u2019Etat a r\u00e9voqu\u00e9 des dizaines de milliers de visas de personnes aux Etats-Unis, y compris pour des opinions jug\u00e9es anti-am\u00e9ricaines.<\/p>\n<\/p>\n<p>\u00ab\u00a0Ce n\u2019est un secret pour personne que l\u2019administration Trump accorde la priorit\u00e9 aux int\u00e9r\u00eats du peuple am\u00e9ricain, a affirm\u00e9 le porte-parole adjoint du d\u00e9partement d\u2019Etat, Tommy Pigott, dans un courriel. Cela inclut la mise en oeuvre de politiques visant \u00e0 garantir que notre syst\u00e8me d\u2019immigration ne soit pas un fardeau pour les contribuables am\u00e9ricains\u00a0\u00bb, a-t-il ajout\u00e9. Les demandeurs de visas \u00e0 long terme doivent d\u00e9j\u00e0 passer une visite m\u00e9dicale et sont scrut\u00e9s pour des maladies transmissibles.<\/p>\n","protected":false},"excerpt":{"rendered":"La politique migratoire de Trump toujours plus dure. Les \u00e9trangers cherchant \u00e0 \u00e9migrer aux Etats-Unis pourraient se voir&hellip;\n","protected":false},"author":2,"featured_media":533972,"comment_status":"","ping_status":"","sticky":false,"template":"","format":"standard","meta":{"footnotes":""},"categories":[5],"tags":[47,11,234,75,73,1011,27,1061,14,74,12,233,71,28],"class_list":{"0":"post-533971","1":"post","2":"type-post","3":"status-publish","4":"format-standard","5":"has-post-thumbnail","7":"category-international","8":"tag-actualite","9":"tag-actualites","10":"tag-diabete","11":"tag-donald-trump","12":"tag-etats-unis","13":"tag-fr","14":"tag-france","15":"tag-immigration","16":"tag-international","17":"tag-monde","18":"tag-news","19":"tag-obesite","20":"tag-sante","21":"tag-world"},"share_on_mastodon":{"url":"https:\/\/pubeurope.com\/@fr\/115548877280970425","error":""},"_links":{"self":[{"href":"https:\/\/www.europesays.com\/fr\/wp-json\/wp\/v2\/posts\/533971","targetHints":{"allow":["GET"]}}],"collection":[{"href":"https:\/\/www.europesays.com\/fr\/wp-json\/wp\/v2\/posts"}],"about":[{"href":"https:\/\/www.europesays.com\/fr\/wp-json\/wp\/v2\/types\/post"}],"author":[{"embeddable":true,"href":"https:\/\/www.europesays.com\/fr\/wp-json\/wp\/v2\/users\/2"}],"replies":[{"embeddable":true,"href":"https:\/\/www.europesays.com\/fr\/wp-json\/wp\/v2\/comments?post=533971"}],"version-history":[{"count":0,"href":"https:\/\/www.europesays.com\/fr\/wp-json\/wp\/v2\/posts\/533971\/revisions"}],"wp:featuredmedia":[{"embeddable":true,"href":"https:\/\/www.europesays.com\/fr\/wp-json\/wp\/v2\/media\/533972"}],"wp:attachment":[{"href":"https:\/\/www.europesays.com\/fr\/wp-json\/wp\/v2\/media?parent=533971"}],"wp:term":[{"taxonomy":"category","embeddable":true,"href":"https:\/\/www.europesays.com\/fr\/wp-json\/wp\/v2\/categories?post=533971"},{"taxonomy":"post_tag","embeddable":true,"href":"https:\/\/www.europesays.com\/fr\/wp-json\/wp\/v2\/tags?post=533971"}],"curies":[{"name":"wp","href":"https:\/\/api.w.org\/{rel}","templated":true}]}}