{"id":533999,"date":"2025-11-14T16:14:14","date_gmt":"2025-11-14T16:14:14","guid":{"rendered":"https:\/\/www.europesays.com\/fr\/533999\/"},"modified":"2025-11-14T16:14:14","modified_gmt":"2025-11-14T16:14:14","slug":"services-numeriques-a-rennes-ce-groupe-signe-son-quatrieme-rachat-en-moins-dun-an","status":"publish","type":"post","link":"https:\/\/www.europesays.com\/fr\/533999\/","title":{"rendered":"Services num\u00e9riques\u00a0: \u00e0 Rennes, ce groupe signe son quatri\u00e8me rachat en moins d\u2019un an"},"content":{"rendered":"<p>On ne l\u2019arr\u00eate plus. \u00c0 Rennes, l\u2019entreprise de services num\u00e9riques Creative annonce une nouvelle acquisition, la quatri\u00e8me en moins d\u2019un an. Cette fois-ci, le groupe breton met la main sur le toulousain Spoom, sp\u00e9cialis\u00e9 dans le d\u00e9veloppement de logiciels \u00ab sur mesure \u00bb, la data et l\u2019intelligence artificielle. \u00ab Cette int\u00e9gration marque une nouvelle \u00e9tape dans notre d\u00e9veloppement, en renfor\u00e7ant notre ancrage dans la r\u00e9gion toulousaine, un territoire strat\u00e9gique pour notre croissance et nos ambitions futures \u00bb, commente Creative.<\/p>\n<p>Cr\u00e9\u00e9 en 2005, Spoom compte une quarantaine de salari\u00e9s, contre 400 pour Creative, qui revendique un chiffre d\u2019affaires de 24 M\u20ac en 2024. Souhaitant devenir un acteur majeur \u00e0 l\u2019\u00e9chelle nationale, le rennais s\u2019est lanc\u00e9 dans une strat\u00e9gie de croissance externe, soutenu depuis l\u2019\u00e9t\u00e9 2025 par un nouvel actionnaire minoritaire, le fonds Techlife Capital. Depuis fin 2024, Creative a d\u00e9j\u00e0 mis la main sur le rennais <a href=\"https:\/\/www.letelegramme.fr\/ille-et-vilaine\/rennes-35000\/services-numeriques-le-groupe-rennais-creative-se-renforce-dans-louest-6736459.php\" target=\"_blank\" rel=\"noopener\">Phila\u00eb Technologies<\/a> et les franciliens <a href=\"https:\/\/www.letelegramme.fr\/ille-et-vilaine\/rennes-35000\/services-numeriques-nouvelle-acquisition-pour-le-groupe-rennais-creative-6770896.php\" target=\"_blank\" rel=\"noopener\">MTB111<\/a> et <a href=\"https:\/\/www.letelegramme.fr\/ille-et-vilaine\/en-ille-et-vilaine-ces-deux-entreprises-bouclent-des-acquisitions-en-dehors-de-bretagne-6918595.php\" target=\"_blank\" rel=\"noopener\">Aydon<\/a>. Il vise 50 M\u20ac de chiffre d\u2019affaires en 2030.<\/p>\n","protected":false},"excerpt":{"rendered":"On ne l\u2019arr\u00eate plus. \u00c0 Rennes, l\u2019entreprise de services num\u00e9riques Creative annonce une nouvelle acquisition, la quatri\u00e8me en&hellip;\n","protected":false},"author":2,"featured_media":534000,"comment_status":"","ping_status":"","sticky":false,"template":"","format":"standard","meta":{"footnotes":""},"categories":[2821],"tags":[1111,11,829,33,257,1777,674,1011,27,848,12,584,25],"class_list":{"0":"post-533999","1":"post","2":"type-post","3":"status-publish","4":"format-standard","5":"has-post-thumbnail","7":"category-rennes","8":"tag-actu","9":"tag-actualites","10":"tag-bretagne","11":"tag-economie","12":"tag-entreprise","13":"tag-eu","14":"tag-europe","15":"tag-fr","16":"tag-france","17":"tag-ille-et-vilaine","18":"tag-news","19":"tag-rennes","20":"tag-republique-francaise"},"share_on_mastodon":{"url":"https:\/\/pubeurope.com\/@fr\/115548944146781191","error":""},"_links":{"self":[{"href":"https:\/\/www.europesays.com\/fr\/wp-json\/wp\/v2\/posts\/533999","targetHints":{"allow":["GET"]}}],"collection":[{"href":"https:\/\/www.europesays.com\/fr\/wp-json\/wp\/v2\/posts"}],"about":[{"href":"https:\/\/www.europesays.com\/fr\/wp-json\/wp\/v2\/types\/post"}],"author":[{"embeddable":true,"href":"https:\/\/www.europesays.com\/fr\/wp-json\/wp\/v2\/users\/2"}],"replies":[{"embeddable":true,"href":"https:\/\/www.europesays.com\/fr\/wp-json\/wp\/v2\/comments?post=533999"}],"version-history":[{"count":0,"href":"https:\/\/www.europesays.com\/fr\/wp-json\/wp\/v2\/posts\/533999\/revisions"}],"wp:featuredmedia":[{"embeddable":true,"href":"https:\/\/www.europesays.com\/fr\/wp-json\/wp\/v2\/media\/534000"}],"wp:attachment":[{"href":"https:\/\/www.europesays.com\/fr\/wp-json\/wp\/v2\/media?parent=533999"}],"wp:term":[{"taxonomy":"category","embeddable":true,"href":"https:\/\/www.europesays.com\/fr\/wp-json\/wp\/v2\/categories?post=533999"},{"taxonomy":"post_tag","embeddable":true,"href":"https:\/\/www.europesays.com\/fr\/wp-json\/wp\/v2\/tags?post=533999"}],"curies":[{"name":"wp","href":"https:\/\/api.w.org\/{rel}","templated":true}]}}