{"id":534020,"date":"2025-11-14T16:25:12","date_gmt":"2025-11-14T16:25:12","guid":{"rendered":"https:\/\/www.europesays.com\/fr\/534020\/"},"modified":"2025-11-14T16:25:12","modified_gmt":"2025-11-14T16:25:12","slug":"grosse-interruption-sur-la-ligne-2-du-metro-ce-vendredi","status":"publish","type":"post","link":"https:\/\/www.europesays.com\/fr\/534020\/","title":{"rendered":"grosse interruption sur la ligne 2 du m\u00e9tro ce vendredi"},"content":{"rendered":"<p>                    Par<br \/>\n        <strong><br \/>\n            <a href=\"https:\/\/actu.fr\/auteur\/nicolas-demollien\" title=\"Consulter tous les articles de Nicolas Demollien\" rel=\"nofollow noopener\" target=\"_blank\">Nicolas Demollien<\/a><br \/>\n                    <\/strong><\/p>\n<p>        Publi\u00e9 le<\/p>\n<p>            14 nov. 2025 \u00e0 16h50        <\/p>\n<p>Les usagers de la <b>ligne 2 du m\u00e9tro<\/b> <a href=\"https:\/\/actu.fr\/tag\/ilevia\" rel=\"nofollow noopener\" target=\"_blank\">Il\u00e9via<\/a> de la m\u00e9tropole de <a href=\"https:\/\/actu.fr\/hauts-de-france\/lille_59350\" rel=\"nofollow noopener\" target=\"_blank\">Lille<\/a> (Nord) sont agac\u00e9s ce vendredi 14 novembre 2025. En effet, le <a href=\"https:\/\/actu.fr\/tag\/transport\" rel=\"nofollow noopener\" target=\"_blank\">transport<\/a> fait face \u00e0 d\u2019<b>importantes perturbations<\/b> avec une <b>longue interruption entre plusieurs stations<\/b>.\u00a0<\/p>\n<p>La ligne 2 du m\u00e9tro Il\u00e9via interrompue<\/p>\n<p class=\" wall-content\">Il\u00e9via explique que ces perturbations sont dues \u00e0 un d\u00e9faut sur une rame. La premi\u00e8re interruption s\u2019est produite un peu avant 16h sur l\u2019ensemble de la ligne. L\u2019interruption n\u2019a ensuite plus concern\u00e9 que le <b>tron\u00e7on entre gare Lille Flandres et Porte des Postes<\/b>.\u00a0<\/p>\n<p class=\" wall-content\">A l\u2019heure o\u00f9 nous \u00e9crivons ces lignes, le m\u00e9tro n\u2019avait toujours pas red\u00e9marr\u00e9. L\u2019interruption est annonc\u00e9e jusqu\u2019\u00e0 17h05.\u00a0<\/p>\n<p class=\" wall-content\">\n<p class=\" wall-content\">Des bus relais ont \u00e9t\u00e9 mis en place. Plus d\u2019informations \u00e0 venir.<\/p>\n<p class=\" wall-content\">Personnalisez votre actualit\u00e9 en ajoutant vos villes et m\u00e9dias en favori avec <a href=\"https:\/\/moncompte.actu.fr\" title=\"D\u00e9couvez Mon Actu\" rel=\"nofollow noopener\" data-trk=\"{&quot;cta&quot;:{&quot;action&quot;:&quot;https:\\\/\\\/moncompte.actu.fr&quot;,&quot;category&quot;:&quot;mon compte&quot;,&quot;from&quot;:&quot;article footer&quot;,&quot;name&quot;:&quot;Mon actu&quot;,&quot;type&quot;:&quot;cta&quot;}}\" target=\"_blank\">Mon Actu<\/a>.<\/p>\n","protected":false},"excerpt":{"rendered":"Par Nicolas Demollien Publi\u00e9 le 14 nov. 2025 \u00e0 16h50 Les usagers de la ligne 2 du m\u00e9tro&hellip;\n","protected":false},"author":2,"featured_media":534021,"comment_status":"","ping_status":"","sticky":false,"template":"","format":"standard","meta":{"footnotes":""},"categories":[2815],"tags":[1111,11,1777,674,1011,27,811,4288,1307,12,25,104,2803],"class_list":{"0":"post-534020","1":"post","2":"type-post","3":"status-publish","4":"format-standard","5":"has-post-thumbnail","7":"category-lille","8":"tag-actu","9":"tag-actualites","10":"tag-eu","11":"tag-europe","12":"tag-fr","13":"tag-france","14":"tag-hauts-de-france","15":"tag-ilevia","16":"tag-lille","17":"tag-news","18":"tag-republique-francaise","19":"tag-societe","20":"tag-transport"},"share_on_mastodon":{"url":"","error":""},"_links":{"self":[{"href":"https:\/\/www.europesays.com\/fr\/wp-json\/wp\/v2\/posts\/534020","targetHints":{"allow":["GET"]}}],"collection":[{"href":"https:\/\/www.europesays.com\/fr\/wp-json\/wp\/v2\/posts"}],"about":[{"href":"https:\/\/www.europesays.com\/fr\/wp-json\/wp\/v2\/types\/post"}],"author":[{"embeddable":true,"href":"https:\/\/www.europesays.com\/fr\/wp-json\/wp\/v2\/users\/2"}],"replies":[{"embeddable":true,"href":"https:\/\/www.europesays.com\/fr\/wp-json\/wp\/v2\/comments?post=534020"}],"version-history":[{"count":0,"href":"https:\/\/www.europesays.com\/fr\/wp-json\/wp\/v2\/posts\/534020\/revisions"}],"wp:featuredmedia":[{"embeddable":true,"href":"https:\/\/www.europesays.com\/fr\/wp-json\/wp\/v2\/media\/534021"}],"wp:attachment":[{"href":"https:\/\/www.europesays.com\/fr\/wp-json\/wp\/v2\/media?parent=534020"}],"wp:term":[{"taxonomy":"category","embeddable":true,"href":"https:\/\/www.europesays.com\/fr\/wp-json\/wp\/v2\/categories?post=534020"},{"taxonomy":"post_tag","embeddable":true,"href":"https:\/\/www.europesays.com\/fr\/wp-json\/wp\/v2\/tags?post=534020"}],"curies":[{"name":"wp","href":"https:\/\/api.w.org\/{rel}","templated":true}]}}