{"id":534026,"date":"2025-11-14T16:28:16","date_gmt":"2025-11-14T16:28:16","guid":{"rendered":"https:\/\/www.europesays.com\/fr\/534026\/"},"modified":"2025-11-14T16:28:16","modified_gmt":"2025-11-14T16:28:16","slug":"accuse-de-corruption-de-mineur-un-cadre-des-ecologistes-quitte-le-parti","status":"publish","type":"post","link":"https:\/\/www.europesays.com\/fr\/534026\/","title":{"rendered":"accus\u00e9 de corruption de mineur, un cadre des \u00c9cologistes quitte le parti"},"content":{"rendered":"<p>\n    Accus\u00e9 de corruption de mineur, l\u2019ancien membre du bureau politique d\u2019EELV Hassen Hammou a annonc\u00e9 son d\u00e9part du parti au lendemain de son proc\u00e8s au cours duquel le procureur a requis 18 mois de prison \u00e0 son encontre.<\/p>\n<p class=\"fig-paragraph\">Une figure marseillaise des \u00c9cologistes,<a href=\"http:\/\/www.lefigaro.fr\/marseille\/marseille-le-chef-de-file-eelv-hassen-hammou-convoque-devant-la-justice-pour-corruption-de-mineur-20251015\" data-fig-type=\"NewsFlash\" data-gtm-custom-categorie=\"navigation\" data-gtm-custom-action=\"crossclick\" data-gtm-custom-label=\"Contextuel\" data-gtm-event=\"customEventSPE\" data-fig-domain=\"LEFIGARO\" target=\"_blank\" rel=\"noopener\">\u00a0Hassen Hammou<\/a>\u00a0a annonc\u00e9 vendredi quitter le parti qui l&rsquo;avait suspendu de sa position de chef de file en vue des prochaines municipales, au moment o\u00f9 le militant est vis\u00e9 par un proc\u00e8s pour\u00a0<a href=\"http:\/\/www.lefigaro.fr\/marseille\/municipales-a-marseille-accuse-de-corruption-de-mineur-le-chef-de-file-eelv-se-met-en-retrait-un-bureau-politique-organise-en-urgence-20251016\" data-fig-type=\"NewsFlash\" data-gtm-custom-categorie=\"navigation\" data-gtm-custom-action=\"crossclick\" data-gtm-custom-label=\"Contextuel\" data-gtm-event=\"customEventSPE\" data-fig-domain=\"LEFIGARO\" target=\"_blank\" rel=\"noopener\">corruption de mineur.<\/a><\/p>\n<p class=\"fig-paragraph\">Ex-membre du bureau politique d&rsquo;Europe \u00e9cologie les verts (EELV), Hassen Hammou, 37 ans, est accus\u00e9 d&rsquo;\u00abincitation d&rsquo;un mineur par un majeur, utilisant un moyen de communication \u00e9lectronique, \u00e0 commettre un acte de nature sexuelle\u00bb.<\/p>\n<p>                                    <a class=\"fig-a11y-skip a11y-hidden\" href=\"#fig-a11y-skip-main-inarticle\"><br \/>\n        Passer la publicit\u00e9<br \/>\n    <\/a><\/p>\n<p class=\"fig-paragraph\">Dans cette affaire, r\u00e9v\u00e9l\u00e9e par La Provence et impliquant un adolescent de 16 ans au moment des faits, le parquet a requis 18 mois de prison avec sursis probatoire.<\/p>\n<p>D\u2019abord suspendu \u00e0 titre conservatoire<\/p>\n<p class=\"fig-paragraph\">\u00abJ&rsquo;annonce que je quitte le parti \u00e9cologiste ce jour, ainsi que ma fonction de chef de file, apr\u00e8s que cette responsabilit\u00e9 m&rsquo;a \u00e9t\u00e9 retir\u00e9e par le bureau politique\u00bb, a indiqu\u00e9 vendredi sur X Hassen Hammou, qui a toujours revendiqu\u00e9 son innocence face aux accusations pesant sur lui.<\/p>\n<p class=\"fig-paragraph\">\u00c9lu mi-octobre pour reconduire les \u00e9cologistes au sein d&rsquo;une coalition de gauche lors des municipales de mars 2026, l&rsquo;ancien porte-parole r\u00e9gional Paca s&rsquo;\u00e9tait lui-m\u00eame mis en retrait en raison de ses d\u00e9boires judiciaires.<\/p>\n<p class=\"fig-paragraph\">Dans la foul\u00e9e le parti les \u00c9cologistes avait annonc\u00e9 une suspension \u00ab\u00e0 titre conservatoire, dans l&rsquo;attente de la d\u00e9cision de justice\u00bb. \u00abIl s&rsquo;agit d&rsquo;une d\u00e9cision anticip\u00e9e, qui ne respecte pas la pr\u00e9somption d&rsquo;innocence et qui est contraire \u00e0 ce qui m&rsquo;est r\u00e9ellement arriv\u00e9\u00bb, a indiqu\u00e9 Hassen Hammou sur X.<\/p>\n<p>Conseil disciplinaire<\/p>\n<p class=\"fig-paragraph\">\u00abCe retrait se base sur le fait que j&rsquo;ai fr\u00e9quent\u00e9 le site Coco \u00e0 deux reprises, bien avant les r\u00e9v\u00e9lations concernant l&rsquo;affaire\u00a0<a href=\"http:\/\/www.lefigaro.fr\/faits-divers\/soupconne-de-meurtre-dominique-pelicot-obtient-l-exhumation-du-corps-de-sophie-narme-pour-prouver-son-innocence-20251112\" data-fig-type=\"NewsFlash\" data-gtm-custom-categorie=\"navigation\" data-gtm-custom-action=\"crossclick\" data-gtm-custom-label=\"Contextuel\" data-gtm-event=\"customEventSPE\" data-fig-domain=\"LEFIGARO\" target=\"_blank\" rel=\"noopener\">Pelicot<\/a> \u00bb a encore indiqu\u00e9 Hassen Hammou sur X &#8211; en r\u00e9f\u00e9rence au sulfureux forum de rencontre, aujourd&rsquo;hui interdit. \u00abDe plus, mon affaire concerne Snapchat\u00bb, a-t-il dit. Contact\u00e9 par l&rsquo;AFP, Hassen Hammou a aussi dit avoir \u00e9t\u00e9 inform\u00e9 qu&rsquo;il allait devoir passer devant le conseil disciplinaire du parti.<\/p>\n<p>                                    <a class=\"fig-a11y-skip a11y-hidden\" href=\"#fig-a11y-skip-main-inarticle_mtf\"><br \/>\n        Passer la publicit\u00e9<br \/>\n    <\/a><\/p>\n<p class=\"fig-paragraph\">\u00ab\u00c0 ce stade, le parti anticipe une d\u00e9cision de justice. Je ne vois pas ce que veut dire aujourd&rsquo;hui le sens d&rsquo;un conseil disciplinaire\u00bb, a-t-il dit. Par le pass\u00e9, Hassen Hammou s&rsquo;\u00e9tait d\u00e9fendu en d\u00e9non\u00e7ant sur X qu&rsquo;il avait \u00e9t\u00e9 victime d&rsquo;une \u00abagression crapuleuse\u00bb &#8211; indiquant que ses \u00abagresseurs\u00bb avaient \u00e9t\u00e9 d\u00e9clar\u00e9s \u00abcoupables d&rsquo;extorsion\u00bb.<\/p>\n","protected":false},"excerpt":{"rendered":"Accus\u00e9 de corruption de mineur, l\u2019ancien membre du bureau politique d\u2019EELV Hassen Hammou a annonc\u00e9 son d\u00e9part du&hellip;\n","protected":false},"author":2,"featured_media":534027,"comment_status":"","ping_status":"","sticky":false,"template":"","format":"standard","meta":{"footnotes":""},"categories":[2814],"tags":[1111,11,2339,1777,674,1011,27,884,3554,12,882,25],"class_list":{"0":"post-534026","1":"post","2":"type-post","3":"status-publish","4":"format-standard","5":"has-post-thumbnail","7":"category-marseille","8":"tag-actu","9":"tag-actualites","10":"tag-ecologistes","11":"tag-eu","12":"tag-europe","13":"tag-fr","14":"tag-france","15":"tag-marseille","16":"tag-municipales","17":"tag-news","18":"tag-provence-alpes-cote-dazur","19":"tag-republique-francaise"},"share_on_mastodon":{"url":"https:\/\/pubeurope.com\/@fr\/115548999121801048","error":""},"_links":{"self":[{"href":"https:\/\/www.europesays.com\/fr\/wp-json\/wp\/v2\/posts\/534026","targetHints":{"allow":["GET"]}}],"collection":[{"href":"https:\/\/www.europesays.com\/fr\/wp-json\/wp\/v2\/posts"}],"about":[{"href":"https:\/\/www.europesays.com\/fr\/wp-json\/wp\/v2\/types\/post"}],"author":[{"embeddable":true,"href":"https:\/\/www.europesays.com\/fr\/wp-json\/wp\/v2\/users\/2"}],"replies":[{"embeddable":true,"href":"https:\/\/www.europesays.com\/fr\/wp-json\/wp\/v2\/comments?post=534026"}],"version-history":[{"count":0,"href":"https:\/\/www.europesays.com\/fr\/wp-json\/wp\/v2\/posts\/534026\/revisions"}],"wp:featuredmedia":[{"embeddable":true,"href":"https:\/\/www.europesays.com\/fr\/wp-json\/wp\/v2\/media\/534027"}],"wp:attachment":[{"href":"https:\/\/www.europesays.com\/fr\/wp-json\/wp\/v2\/media?parent=534026"}],"wp:term":[{"taxonomy":"category","embeddable":true,"href":"https:\/\/www.europesays.com\/fr\/wp-json\/wp\/v2\/categories?post=534026"},{"taxonomy":"post_tag","embeddable":true,"href":"https:\/\/www.europesays.com\/fr\/wp-json\/wp\/v2\/tags?post=534026"}],"curies":[{"name":"wp","href":"https:\/\/api.w.org\/{rel}","templated":true}]}}