{"id":534034,"date":"2025-11-14T16:33:14","date_gmt":"2025-11-14T16:33:14","guid":{"rendered":"https:\/\/www.europesays.com\/fr\/534034\/"},"modified":"2025-11-14T16:33:14","modified_gmt":"2025-11-14T16:33:14","slug":"foule-evacuee-trains-retardes-situation-confuse-a-la-gare-montparnasse-a-paris-apres-les-coups-de-feu","status":"publish","type":"post","link":"https:\/\/www.europesays.com\/fr\/534034\/","title":{"rendered":"Foule \u00e9vacu\u00e9e, trains retard\u00e9s&#8230; Situation confuse \u00e0 la gare Montparnasse \u00e0 Paris apr\u00e8s les coups de feu"},"content":{"rendered":"<p>                    Par<br \/>\n        <strong><br \/>\n            <a href=\"https:\/\/actu.fr\/auteur\/redaction-paris\" title=\"Consulter tous les articles de R\u00e9daction Paris\" target=\"_blank\" rel=\"noopener\">R\u00e9daction Paris<\/a><br \/>\n                    <\/strong><\/p>\n<p>        Publi\u00e9 le<\/p>\n<p>            14 nov. 2025 \u00e0 16h42        <\/p>\n<p>Le week-end commence mal pour les voyageurs au d\u00e9part de <a href=\"https:\/\/actu.fr\/tag\/gare-montparnasse\" target=\"_blank\" rel=\"noopener\">la gare Montparnasse<\/a>. Ce vendredi 14 novembre 2025, <strong>un homme arm\u00e9 d\u2019un couteau<\/strong> a \u00e9t\u00e9 la cible de coups de feu de la police en d\u00e9but d\u2019apr\u00e8s-midi. L\u2019individu qui s\u2019automutilait et refusait d\u2019obtemp\u00e9rer a \u00e9t\u00e9 bless\u00e9 par balle ainsi qu\u2019une seconde personne qui se trouvait aussi sur le quai de la gare. Celle-ci a rapidement \u00e9t\u00e9 \u00e9vacu\u00e9e par les forces de l\u2019ordre et les agents SNCF et tous les trains ont \u00e9t\u00e9 mis \u00e0 l\u2019arr\u00eat.<\/p>\n<p class=\" wall-content\">Cons\u00e9quence, l\u2019ensemble des voyages au d\u00e9part de cette gare parisienne connaissent de <a href=\"https:\/\/www.garesetconnexions.sncf\/fr\/gares-services\/paris-montparnasse\" target=\"_blank\" rel=\"noopener\">s\u00e9rieux retards<\/a>. Les arriv\u00e9es ne sont en revanche pas impact\u00e9es.<\/p>\n<p>Plus de 1h30 de retard<\/p>\n<p class=\" wall-content\">Les retards sont plus ou moins cons\u00e9quents. Pour les voyages vers Hendaye, Tarbes ou Bordeaux, il faut compter entre 10 et 20 minutes de retard. Les d\u00e9parts vers Nantes, Rennes et Brest, qui \u00e9taient pr\u00e9vus vers 14h57, connaissent des rallongements de plus de 1h30.<\/p>\n<p class=\" wall-content\">Sur X, plusieurs t\u00e9moins ont diffus\u00e9 des images <strong>des \u00e9vacuations qui ont \u00e9t\u00e9 men\u00e9es rapidement<\/strong> par les policiers et les agents ferroviaires. Les quais ont \u00e9t\u00e9 rendus inaccessibles aux voyageurs, les poussant \u00e0 se rassembler dans le centre commercial de la gare et sur le parvis ext\u00e9rieur.<\/p>\n<p class=\" wall-content\">\n<p class=\" wall-content\">Pour rappel des faits, les policiers ont fait usage de leur arme pour viser un homme sur le quai de la gare, tout juste descendu du train arrivant de Rennes. La deuxi\u00e8me personne ayant \u00e9t\u00e9 touch\u00e9e aurait \u00e9t\u00e9 <strong>bless\u00e9e au pied<\/strong> avant d\u2019\u00eatre prise en charge par les secours en urgence relative.<\/p>\n<p class=\" wall-content\">Personnalisez votre actualit\u00e9 en ajoutant vos villes et m\u00e9dias en favori avec <a href=\"https:\/\/moncompte.actu.fr\" title=\"D\u00e9couvez Mon Actu\" rel=\"nofollow noopener\" data-trk=\"{&quot;cta&quot;:{&quot;action&quot;:&quot;https:\\\/\\\/moncompte.actu.fr&quot;,&quot;category&quot;:&quot;mon compte&quot;,&quot;from&quot;:&quot;article footer&quot;,&quot;name&quot;:&quot;Mon actu&quot;,&quot;type&quot;:&quot;cta&quot;}}\" target=\"_blank\">Mon Actu<\/a>.<\/p>\n","protected":false},"excerpt":{"rendered":"Par R\u00e9daction Paris Publi\u00e9 le 14 nov. 2025 \u00e0 16h42 Le week-end commence mal pour les voyageurs au&hellip;\n","protected":false},"author":2,"featured_media":534035,"comment_status":"","ping_status":"","sticky":false,"template":"","format":"standard","meta":{"footnotes":""},"categories":[1888],"tags":[1111,1928,11,1927,1777,674,1011,27,8037,12,1926,626,1925,1072,25,104],"class_list":{"0":"post-534034","1":"post","2":"type-post","3":"status-publish","4":"format-standard","5":"has-post-thumbnail","7":"category-paris","8":"tag-actu","9":"tag-actu-paris","10":"tag-actualites","11":"tag-actualites-paris","12":"tag-eu","13":"tag-europe","14":"tag-fr","15":"tag-france","16":"tag-gare-montparnasse","17":"tag-news","18":"tag-news-paris","19":"tag-paris","20":"tag-paris-news","21":"tag-police","22":"tag-republique-francaise","23":"tag-societe"},"share_on_mastodon":{"url":"https:\/\/pubeurope.com\/@fr\/115549018760792075","error":""},"_links":{"self":[{"href":"https:\/\/www.europesays.com\/fr\/wp-json\/wp\/v2\/posts\/534034","targetHints":{"allow":["GET"]}}],"collection":[{"href":"https:\/\/www.europesays.com\/fr\/wp-json\/wp\/v2\/posts"}],"about":[{"href":"https:\/\/www.europesays.com\/fr\/wp-json\/wp\/v2\/types\/post"}],"author":[{"embeddable":true,"href":"https:\/\/www.europesays.com\/fr\/wp-json\/wp\/v2\/users\/2"}],"replies":[{"embeddable":true,"href":"https:\/\/www.europesays.com\/fr\/wp-json\/wp\/v2\/comments?post=534034"}],"version-history":[{"count":0,"href":"https:\/\/www.europesays.com\/fr\/wp-json\/wp\/v2\/posts\/534034\/revisions"}],"wp:featuredmedia":[{"embeddable":true,"href":"https:\/\/www.europesays.com\/fr\/wp-json\/wp\/v2\/media\/534035"}],"wp:attachment":[{"href":"https:\/\/www.europesays.com\/fr\/wp-json\/wp\/v2\/media?parent=534034"}],"wp:term":[{"taxonomy":"category","embeddable":true,"href":"https:\/\/www.europesays.com\/fr\/wp-json\/wp\/v2\/categories?post=534034"},{"taxonomy":"post_tag","embeddable":true,"href":"https:\/\/www.europesays.com\/fr\/wp-json\/wp\/v2\/tags?post=534034"}],"curies":[{"name":"wp","href":"https:\/\/api.w.org\/{rel}","templated":true}]}}