{"id":534042,"date":"2025-11-14T16:37:16","date_gmt":"2025-11-14T16:37:16","guid":{"rendered":"https:\/\/www.europesays.com\/fr\/534042\/"},"modified":"2025-11-14T16:37:16","modified_gmt":"2025-11-14T16:37:16","slug":"en-russie-les-freres-darmes-nord-coreens-deminent-la-region-de-koursk","status":"publish","type":"post","link":"https:\/\/www.europesays.com\/fr\/534042\/","title":{"rendered":"En Russie, les \u201cfr\u00e8res d\u2019armes\u201d nord-cor\u00e9ens d\u00e9minent la r\u00e9gion de Koursk"},"content":{"rendered":"\n<p>Ils sont une quinzaine de soldats lourdement \u00e9quip\u00e9s, nord-cor\u00e9ens et russes, brandissant le drapeau \u00e0 l\u2019\u00e9toile rouge du r\u00e9gime de Pyongyang dans un champ de l\u2019oblast de Koursk, situ\u00e9 dans le sud-ouest de la Russie\u00a0: l\u2019image fait la une du quotidien institutionnel <a class=\"ithalc\" data-ithal=\"lien_externe\" data-ithalc=\"[nav_article]\" target=\"_blank\" href=\"https:\/\/rg.ru\/2025\/11\/14\/korejskij-soldat-na-kurskoj-duge.html\" rel=\"nofollow noopener\"><strong>Rossi\u00efska\u00efa Gazeta<\/strong><\/a> dat\u00e9 du 14\u00a0novembre. \u201cUne v\u00e9ritable fraternit\u00e9 d\u2019armes\u201d, assure la l\u00e9gende. Dans un article illustr\u00e9 par des photos fournies par le minist\u00e8re de la D\u00e9fense russe, ce journal relais du Kremlin rapporte que des sapeurs nord-cor\u00e9ens proc\u00e8dent depuis plusieurs mois au d\u00e9minage dans cette r\u00e9gion frontali\u00e8re qui fut, entre ao\u00fbt 2024\u00a0et mars 2025, partiellement occup\u00e9e par les forces ukrainiennes.<\/p>\n<p>                                               <a href=\"https:\/\/focus.courrierinternational.com\/2025\/11\/14\/0\/0\/2363\/3414\/1280\/0\/60\/0\/1d0f396_upload-1-mch0pinmjzpl-une-rossiskaia-gazeta-1-page-0001.jpg\" data-pswp-width=\"1280\" data-pswp-height=\"1849\" rel=\"nofollow noopener\" target=\"_blank\">      <img decoding=\"async\" loading=\"lazy\" onerror=\"this.classList.add(`img--error`)\" src=\"https:\/\/www.europesays.com\/fr\/wp-content\/uploads\/2025\/11\/1d0f396_upload-1-mch0pinmjzpl-une-rossiskaia-gazeta-1-page-0001.jpg\"  width=\"640\" height=\"925\" alt=\"Photo\"\/>     <\/a>               <\/p>\n<p>\u201cTous les membres de l\u2019arm\u00e9e populaire de Cor\u00e9e participant \u00e0 ces travaux poss\u00e8dent une formation professionnelle approfondie acquise dans leur pays d\u2019origine, \u00e9crit le journal. Avant le d\u00e9but de leur mission, ils ont suivi une formation compl\u00e9mentaire dans les centres d\u2019entra\u00eenement des troupes du g\u00e9nie des forces arm\u00e9es russes.\u201d Car \u201cla plupart des munitions ici sont de l\u2019Otan. Il y a des mines am\u00e9ricaines, allemandes, espagnoles et m\u00eame roumaines. Tout le monde a contribu\u00e9\u201d, soutient le commandant Veles.<\/p>\n<p>               Partenariat strat\u00e9gique       <\/p>\n<p>\u201cParmi les d\u00e9couvertes figurent des sp\u00e9cimens inhabituels qui t\u00e9moignent de crimes de guerre\u201d, glisse le journal, dans une allusion \u00e0 l\u2019arm\u00e9e ukrainienne. La reprise de la r\u00e9gion par les forces russes a fait l\u2019objet en Russie d\u2019une couverture m\u00e9diatique \u00e0 forte coloration patriotique \u2013 Koursk fut le th\u00e9\u00e2tre d\u2019une bataille d\u00e9cisive de la Seconde Guerre mondiale. Le titre retenu par Rossi\u00efska\u00efa Gazeta, \u201cUn soldat cor\u00e9en dans le saillant de Koursk\u201d, y fait directement r\u00e9f\u00e9rence.<\/p>\n<p>L\u2019article, qui d\u00e9taille le travail effectu\u00e9 par ces recrues, souligne la fraternit\u00e9 entre Russes et Nord-Cor\u00e9ens. \u201cIls sont bien entra\u00een\u00e9s et font preuve d\u2019une discipline de fer. Nous les avons accept\u00e9s comme les n\u00f4tres\u201d, se f\u00e9licite le commandant Lesnik. Le quotidien rappelle que ces travaux de d\u00e9minage s\u2019inscrivent dans le cadre de la mise en \u0153uvre du trait\u00e9 de partenariat strat\u00e9gique entre la Russie et la Cor\u00e9e du Nord, conclu le 19\u00a0juin 2024.<\/p>\n<p>Les deux pays ont en effet fait la d\u00e9monstration d\u2019un rapprochement politique qui s\u2019est notamment traduit par l\u2019accueil grandiose r\u00e9serv\u00e9 \u00e0 Vladimir Poutine l\u2019ann\u00e9e derni\u00e8re \u00e0 Pyongyang. \u201cConform\u00e9ment \u00e0 l\u2019article\u00a04 du trait\u00e9, si l\u2019une des parties est soumise \u00e0 une attaque arm\u00e9e et se trouve en \u00e9tat de guerre, l\u2019autre partie est tenue de lui fournir imm\u00e9diatement une assistance militaire et autre avec tous les moyens dont elle dispose\u201d, pr\u00e9cise le journal.<\/p>\n<p>\u00c0 la fin de l\u2019article, Rossi\u00efska\u00efa Gazeta diffuse une vid\u00e9o des entra\u00eenements tourn\u00e9e par le minist\u00e8re de la D\u00e9fense et dresse l\u2019inventaire des munitions d\u00e9samorc\u00e9es, dont plusieurs seraient de fabrication am\u00e9ricaine et bulgare.<\/p>\n","protected":false},"excerpt":{"rendered":"Ils sont une quinzaine de soldats lourdement \u00e9quip\u00e9s, nord-cor\u00e9ens et russes, brandissant le drapeau \u00e0 l\u2019\u00e9toile rouge du&hellip;\n","protected":false},"author":2,"featured_media":534043,"comment_status":"","ping_status":"","sticky":false,"template":"","format":"standard","meta":{"footnotes":""},"categories":[1591],"tags":[11,65376,674,1887,1892,131,12,1885,1886,132,220],"class_list":{"0":"post-534042","1":"post","2":"type-post","3":"status-publish","4":"format-standard","5":"has-post-thumbnail","7":"category-russie","8":"tag-actualites","9":"tag-coru00e9e-du-nord","10":"tag-europe","11":"tag-federation-de-russie","12":"tag-gu00e9opolitique","13":"tag-guerre-en-ukraine","14":"tag-news","15":"tag-russia","16":"tag-russian-federation","17":"tag-russie","18":"tag-ukraine"},"share_on_mastodon":{"url":"https:\/\/pubeurope.com\/@fr\/115549035098963346","error":""},"_links":{"self":[{"href":"https:\/\/www.europesays.com\/fr\/wp-json\/wp\/v2\/posts\/534042","targetHints":{"allow":["GET"]}}],"collection":[{"href":"https:\/\/www.europesays.com\/fr\/wp-json\/wp\/v2\/posts"}],"about":[{"href":"https:\/\/www.europesays.com\/fr\/wp-json\/wp\/v2\/types\/post"}],"author":[{"embeddable":true,"href":"https:\/\/www.europesays.com\/fr\/wp-json\/wp\/v2\/users\/2"}],"replies":[{"embeddable":true,"href":"https:\/\/www.europesays.com\/fr\/wp-json\/wp\/v2\/comments?post=534042"}],"version-history":[{"count":0,"href":"https:\/\/www.europesays.com\/fr\/wp-json\/wp\/v2\/posts\/534042\/revisions"}],"wp:featuredmedia":[{"embeddable":true,"href":"https:\/\/www.europesays.com\/fr\/wp-json\/wp\/v2\/media\/534043"}],"wp:attachment":[{"href":"https:\/\/www.europesays.com\/fr\/wp-json\/wp\/v2\/media?parent=534042"}],"wp:term":[{"taxonomy":"category","embeddable":true,"href":"https:\/\/www.europesays.com\/fr\/wp-json\/wp\/v2\/categories?post=534042"},{"taxonomy":"post_tag","embeddable":true,"href":"https:\/\/www.europesays.com\/fr\/wp-json\/wp\/v2\/tags?post=534042"}],"curies":[{"name":"wp","href":"https:\/\/api.w.org\/{rel}","templated":true}]}}