{"id":534062,"date":"2025-11-14T16:47:22","date_gmt":"2025-11-14T16:47:22","guid":{"rendered":"https:\/\/www.europesays.com\/fr\/534062\/"},"modified":"2025-11-14T16:47:22","modified_gmt":"2025-11-14T16:47:22","slug":"la-promotion-de-quentin-debove-sur-le-dp-world-tour-fait-un-autre-heureux","status":"publish","type":"post","link":"https:\/\/www.europesays.com\/fr\/534062\/","title":{"rendered":"La promotion de Quentin Debove sur le DP World Tour fait un autre heureux"},"content":{"rendered":"<p>\t\t\t\t\t\t<img width=\"640\" height=\"480\" src=\"https:\/\/www.europesays.com\/fr\/wp-content\/uploads\/2025\/11\/gueicycx0aatt2p.jpg\" class=\"img-responsive wp-post-image\" alt=\"Jerry Ji cr\u00e9dit Alps Tour Golf \/ Raffaele Canepa\" decoding=\"async\" fetchpriority=\"high\"  \/>\t\t\t\t\t\t\t<\/p>\n<p>\n\t\t\t\t\t\t\t\tJerry Ji cr\u00e9dit Alps Tour Golf \/ Raffaele Canepa\t\t\t\t\t\t\t<\/p>\n<p>\t\t\t\t\t\t Partager cet article <\/p>\n<p class=\"screen-reader-text juiz_sps_maybe_hidden_text\">Partager la publication \u00ab\u00a0La promotion de Quentin Debove sur le DP World Tour fait un autre heureux\u00a0\u00bb<\/p>\n<p><strong>Quatri\u00e8me de l\u2019ordre du m\u00e9rite de l\u2019Alps Tour, le Fran\u00e7ais Quentin Debove a obtenu sa carte de membre du DP World Tour le 12 novembre \u00e0 l\u2019issue des PQ3 des cartes europ\u00e9ennes qui se sont d\u00e9roul\u00e9es \u00e0 l\u2019Infinitum Golf de Tarragone (Espagne). Une promotion express qui fait un autre heureux : le N\u00e9erlandais Jerry Ji, sixi\u00e8me de la saison r\u00e9guli\u00e8re, est promu sur l\u2019HotelPlanner Tour (ex-Challenge Tour).\u00a0<\/strong><\/p>\n<p>\t\t\t\t<img loading=\"lazy\" decoding=\"async\" src=\"data:image\/svg+xml,%3Csvg%20xmlns=\" http:=\"\" attributionsrc=\"\" border=\"0\" height=\"1\" width=\"1\" alt=\"Advertisement\" data-lazy-src=\"https:\/\/www.europesays.com\/fr\/wp-content\/uploads\/2025\/10\/B33047934.424844132;dc_trk_aid=615928068;dc_trk_cid=236605808;ord=[timestamp];dc_lat=;dc_rdid=;tag_f.gif\"\/><\/p>\n<p>\t\t\t\t\t<a id=\"179415\" href=\"https:\/\/ad.doubleclick.net\/ddm\/trackclk\/N1153799.3770024GOLFPLANATE\/B33047934.424844132;dc_trk_aid=615928068;dc_trk_cid=236605808;dc_lat=;dc_rdid=;tag_for_child_directed_treatment=;tfua=;gdpr=${GDPR};gdpr_consent=${GDPR_CONSENT_755};ltd=;dc_tdv=1\" target=\"_blank\" rel=\"sponsorised nofollow noopener\"><img decoding=\"async\" src=\"data:image\/svg+xml,%3Csvg%20xmlns=\" http:=\"\" class=\"img-responsive\" alt=\"\" data-lazy-src=\"https:\/\/www.europesays.com\/fr\/wp-content\/uploads\/2025\/07\/callaway-e01-apex-v1-770x385-1.jpg\"\/><\/a><\/p>\n<p><strong>H.D.<\/strong><\/p>\n<p>Il \u00e9tait le sixi\u00e8me homme de la saison sur l\u2019<strong>Alps Tour<\/strong>, le premier \u00e0 rester \u00e0 quai apr\u00e8s 18 tournois disput\u00e9s. Le N\u00e9erlandais de 25 ans, <strong>Jerry Ji<\/strong>, a bien tent\u00e9 de d\u00e9crocher sa carte pour le grand Tour mais avait \u00e9chou\u00e9 aux PQ2, au <strong>Fontanals Golf Club <\/strong>de G\u00e9rone, en Catalogne, apr\u00e8s avoir termin\u00e9 3e de la premi\u00e8re \u00e9tape (PQ1).\u00a0<\/p>\n<p>Mais gr\u00e2ce \u00e0 la superbe 7e place finale du Fran\u00e7ais <strong>Quentin Debove<\/strong> <a href=\"https:\/\/www.golfplanete.com\/actualites\/cruelle-desillusion-pour-levy-debove-monte-sur-le-dp-world-tour\/\" target=\"_blank\" rel=\"noopener nofollow\">aux PQ3 des Cartes europ\u00e9ennes<\/a>, qui avait pris entretemps la 4e place de l\u2019ordre du m\u00e9rite de l\u2019Alps Tour, Jerry Li est du m\u00eame coup rep\u00each\u00e9 et \u00e9voluera donc sur l\u2019<strong>HotelPlanner Tour <\/strong>en 2026 !\u00a0<\/p>\n<p>\t\t\t\t\t<a id=\"190593\" href=\"https:\/\/leclub-golf.sumupstore.com\/\" target=\"_blank\" rel=\"sponsorised nofollow noopener\"><img decoding=\"async\" src=\"data:image\/svg+xml,%3Csvg%20xmlns=\" http:=\"\" class=\"img-responsive\" alt=\"\" data-lazy-src=\"https:\/\/www.europesays.com\/fr\/wp-content\/uploads\/2025\/11\/leclubgolf-e13-coffrets-cadeaux-1170x275-1.png\"\/><\/a><\/p>\n<blockquote data-service=\"twitter\" data-category=\"marketing\" data-placeholder-image=\"https:\/\/www.golfplanete.com\/wp-content\/plugins\/complianz-gdpr-premium\/assets\/images\/placeholders\/twitter-minimal.jpg\" class=\"cmplz-placeholder-element twitter-tweet\" data-media-max-width=\"560\"><p>&#13;<\/p>\n<p dir=\"ltr\" lang=\"en\">Big congratulations\ud83c\udf89to \ud83c\uddf3\ud83c\uddf1Jerry Ji ! He climbed to 5th place and earned his 2026 HotelPlanner Tour card after \ud83c\uddeb\ud83c\uddf7Quentin Debove clinched \u26f3\ufe0f2026 DP World Tour playing status.\u2070<br \/>&#13;<br \/>\n\ud83d\udcf8- Alps Tour<br \/>&#13;<br \/>\n\u2070<a href=\"https:\/\/twitter.com\/hashtag\/2025AlpsTourSeason?src=hash&amp;ref_src=twsrc%5Etfw\" rel=\"nofollow noopener\" target=\"_blank\">#2025AlpsTourSeason<\/a><a href=\"https:\/\/twitter.com\/hashtag\/risinggolfstars?src=hash&amp;ref_src=twsrc%5Etfw\" rel=\"nofollow noopener\" target=\"_blank\">#risinggolfstars<\/a> <a href=\"https:\/\/twitter.com\/hashtag\/raisinggolfstars?src=hash&amp;ref_src=twsrc%5Etfw\" rel=\"nofollow noopener\" target=\"_blank\">#raisinggolfstars<\/a> <a href=\"https:\/\/t.co\/NubUbfi5JW\" rel=\"nofollow\">pic.twitter.com\/NubUbfi5JW<\/a><\/p>\n<p>&#13;<br \/>\n&#13;<br \/>\n\u2014 AlpsTourGolf (@alpstourgolf) <a href=\"https:\/\/twitter.com\/alpstourgolf\/status\/1988934120769224874?ref_src=twsrc%5Etfw\" rel=\"nofollow noopener\" target=\"_blank\">November 13, 2025<\/a><\/p><\/blockquote>\n<p>\t\t\t\t\t<a id=\"180479\" href=\"https:\/\/www.swing.fr\/voyage\/35-14eme-edition-des-doubles-gosset-by-beachcomber\" target=\"_blank\" rel=\"sponsorised nofollow noopener\"><img decoding=\"async\" src=\"data:image\/svg+xml,%3Csvg%20xmlns=\" http:=\"\" class=\"img-responsive\" alt=\"\" data-lazy-src=\"https:\/\/www.europesays.com\/fr\/wp-content\/uploads\/2025\/07\/beachcomber-e01-doubles-gosset-26-1170x275-1.jpg\"\/><\/a><\/p>\n<p>\t\t\t\t\t<a id=\"190582\" href=\"https:\/\/www.formigolf.fr\/voyage-pays~_don_gregory_by_dunas_grande_canarie~618~canaries\" target=\"_blank\" rel=\"sponsorised nofollow noopener\"><img decoding=\"async\" src=\"data:image\/svg+xml,%3Csvg%20xmlns=\" http:=\"\" class=\"img-responsive\" alt=\"\" data-lazy-src=\"https:\/\/www.europesays.com\/fr\/wp-content\/uploads\/2025\/11\/formigolf-e11-grande-canarie-dunas-1170x275-1.gif\"\/><\/a><\/p>\n<p>Cr\u00e9dit photo : Alps Tour Golf \/ Raffaele Canepa<\/p>\n<p>\t\t\t<script async src=\"https:\/\/platform.twitter.com\/widgets.js\" charset=\"utf-8\"><\/script><\/p>\n","protected":false},"excerpt":{"rendered":"Jerry Ji cr\u00e9dit Alps Tour Golf \/ Raffaele Canepa Partager cet article Partager la publication \u00ab\u00a0La promotion de&hellip;\n","protected":false},"author":2,"featured_media":534063,"comment_status":"","ping_status":"","sticky":false,"template":"","format":"standard","meta":{"footnotes":""},"categories":[1418],"tags":[1011,27,1472,60],"class_list":{"0":"post-534062","1":"post","2":"type-post","3":"status-publish","4":"format-standard","5":"has-post-thumbnail","7":"category-golf","8":"tag-fr","9":"tag-france","10":"tag-golf","11":"tag-sports"},"share_on_mastodon":{"url":"https:\/\/pubeurope.com\/@fr\/115549074182898873","error":""},"_links":{"self":[{"href":"https:\/\/www.europesays.com\/fr\/wp-json\/wp\/v2\/posts\/534062","targetHints":{"allow":["GET"]}}],"collection":[{"href":"https:\/\/www.europesays.com\/fr\/wp-json\/wp\/v2\/posts"}],"about":[{"href":"https:\/\/www.europesays.com\/fr\/wp-json\/wp\/v2\/types\/post"}],"author":[{"embeddable":true,"href":"https:\/\/www.europesays.com\/fr\/wp-json\/wp\/v2\/users\/2"}],"replies":[{"embeddable":true,"href":"https:\/\/www.europesays.com\/fr\/wp-json\/wp\/v2\/comments?post=534062"}],"version-history":[{"count":0,"href":"https:\/\/www.europesays.com\/fr\/wp-json\/wp\/v2\/posts\/534062\/revisions"}],"wp:featuredmedia":[{"embeddable":true,"href":"https:\/\/www.europesays.com\/fr\/wp-json\/wp\/v2\/media\/534063"}],"wp:attachment":[{"href":"https:\/\/www.europesays.com\/fr\/wp-json\/wp\/v2\/media?parent=534062"}],"wp:term":[{"taxonomy":"category","embeddable":true,"href":"https:\/\/www.europesays.com\/fr\/wp-json\/wp\/v2\/categories?post=534062"},{"taxonomy":"post_tag","embeddable":true,"href":"https:\/\/www.europesays.com\/fr\/wp-json\/wp\/v2\/tags?post=534062"}],"curies":[{"name":"wp","href":"https:\/\/api.w.org\/{rel}","templated":true}]}}