{"id":534072,"date":"2025-11-14T16:56:11","date_gmt":"2025-11-14T16:56:11","guid":{"rendered":"https:\/\/www.europesays.com\/fr\/534072\/"},"modified":"2025-11-14T16:56:11","modified_gmt":"2025-11-14T16:56:11","slug":"karim-benzema-defend-sa-compagne-lyna-khoudri-et-repond-a-lex-leader-identitaire-lyonnais-damien-rieu","status":"publish","type":"post","link":"https:\/\/www.europesays.com\/fr\/534072\/","title":{"rendered":"Karim Benzema d\u00e9fend sa compagne Lyna Khoudri et r\u00e9pond \u00e0 l\u2019ex-leader identitaire lyonnais Damien Rieu"},"content":{"rendered":"<p itemprop=\"description\"><strong>Nouvelle passe d\u2019arme entre Damien Rieu et Karim Benzema.<\/strong><\/p>\n<p>L\u2019ex-leader identitaire lyonnais a d\u00e9nonc\u00e9 sur X la pr\u00e9sence de l\u2019actrice Lyna Khoudri, la compagne de Karim Benzema, \u00e0 la c\u00e9r\u00e9monie d\u2019hommages des attentats du 13 novembre.<\/p>\n<p>\u00ab\u00a0Pour honorer les victimes du 13 novembre, ils n\u2019ont trouv\u00e9 personne d\u2019autre que Lyna Khoudri, compagne de (Karim) Benzema, qui a lik\u00e9 une publication justifiant la d\u00e9capitation de Samuel Paty (et qui a perdu son proc\u00e8s contre moi quand je l\u2019ai d\u00e9nonc\u00e9)\u00a0\u00bb, a \u00e9crit le militant d\u2019extr\u00eame droite sur les r\u00e9seaux sociaux.<\/p>\n<p>Karim Benzema, qui a d\u00e9j\u00e0 port\u00e9 plainte dans le pass\u00e9 contre Damien Rieu, a aussit\u00f4t r\u00e9pliqu\u00e9, en prenant la d\u00e9fense de sa femme : \u00ab\u00a0Il y a ceux qui se recueillent, et ceux qui s\u2019exposent. Faut \u00eatre sacr\u00e9ment vide pour confondre hommage et mise en sc\u00e8ne Damien. T\u2019es juste un figurant dans notre monde\u00a0\u00bb.<\/p>\n<p>L\u2019\u00e9change s\u2019est ensuite poursuivi : \u00ab\u00a0Quelqu\u2019un a compris ce qu\u2019il baragouine ?\u00a0\u00bb, s\u2019est interrog\u00e9 Damieu Rieu, qui a de nouveau attaqu\u00e9 Lyna Khoudri au sujet de son soutien \u00e0 la Palestine. \u00ab\u00a0Voici ce que tweetait Lyna Khoudri quelques heures apr\u00e8s le 7 octobre. Voici que Lyna Khoudri tweete apr\u00e8s la c\u00e9r\u00e9monie du 13 novembre. Et personne ne dit rien ? \u00ab\u00a0.<\/p>\n<p>Le footballeur brondillant n\u2019a pas r\u00e9pondu \u00e0 cette nouvelle attaque.<\/p>\n","protected":false},"excerpt":{"rendered":"Nouvelle passe d\u2019arme entre Damien Rieu et Karim Benzema. L\u2019ex-leader identitaire lyonnais a d\u00e9nonc\u00e9 sur X la pr\u00e9sence&hellip;\n","protected":false},"author":2,"featured_media":534073,"comment_status":"","ping_status":"","sticky":false,"template":"","format":"standard","meta":{"footnotes":""},"categories":[1359],"tags":[1111,11,2813,2190,1109,251,1112,58,2811,59,118,1011,27,1922,1110,1114,2428,2810,241,973,316,2812,517,800],"class_list":{"0":"post-534072","1":"post","2":"type-post","3":"status-publish","4":"format-standard","5":"has-post-thumbnail","7":"category-people","8":"tag-actu","9":"tag-actualites","10":"tag-article","11":"tag-asvel","12":"tag-breves","13":"tag-culture","14":"tag-depeches","15":"tag-divertissement","16":"tag-economique","17":"tag-entertainment","18":"tag-faits-divers","19":"tag-fr","20":"tag-france","21":"tag-info","22":"tag-informations","23":"tag-infos","24":"tag-lyon","25":"tag-lyonmag","26":"tag-ol","27":"tag-people","28":"tag-politique","29":"tag-sociale","30":"tag-sport","31":"tag-transports"},"share_on_mastodon":{"url":"https:\/\/pubeurope.com\/@fr\/115549109432732488","error":""},"_links":{"self":[{"href":"https:\/\/www.europesays.com\/fr\/wp-json\/wp\/v2\/posts\/534072","targetHints":{"allow":["GET"]}}],"collection":[{"href":"https:\/\/www.europesays.com\/fr\/wp-json\/wp\/v2\/posts"}],"about":[{"href":"https:\/\/www.europesays.com\/fr\/wp-json\/wp\/v2\/types\/post"}],"author":[{"embeddable":true,"href":"https:\/\/www.europesays.com\/fr\/wp-json\/wp\/v2\/users\/2"}],"replies":[{"embeddable":true,"href":"https:\/\/www.europesays.com\/fr\/wp-json\/wp\/v2\/comments?post=534072"}],"version-history":[{"count":0,"href":"https:\/\/www.europesays.com\/fr\/wp-json\/wp\/v2\/posts\/534072\/revisions"}],"wp:featuredmedia":[{"embeddable":true,"href":"https:\/\/www.europesays.com\/fr\/wp-json\/wp\/v2\/media\/534073"}],"wp:attachment":[{"href":"https:\/\/www.europesays.com\/fr\/wp-json\/wp\/v2\/media?parent=534072"}],"wp:term":[{"taxonomy":"category","embeddable":true,"href":"https:\/\/www.europesays.com\/fr\/wp-json\/wp\/v2\/categories?post=534072"},{"taxonomy":"post_tag","embeddable":true,"href":"https:\/\/www.europesays.com\/fr\/wp-json\/wp\/v2\/tags?post=534072"}],"curies":[{"name":"wp","href":"https:\/\/api.w.org\/{rel}","templated":true}]}}