{"id":534078,"date":"2025-11-14T17:00:14","date_gmt":"2025-11-14T17:00:14","guid":{"rendered":"https:\/\/www.europesays.com\/fr\/534078\/"},"modified":"2025-11-14T17:00:14","modified_gmt":"2025-11-14T17:00:14","slug":"il-est-gonfle-parce-que-cest-quand-meme-ma-femme-alain-souchon-reagit-a-la-reprise-de-lun-de-ses-titres-phares-par-gims","status":"publish","type":"post","link":"https:\/\/www.europesays.com\/fr\/534078\/","title":{"rendered":"\u00ab\u00a0Il est gonfl\u00e9 parce que c&rsquo;est quand m\u00eame ma femme\u00a0\u00bb: Alain Souchon r\u00e9agit \u00e0 la reprise de l&rsquo;un de ses titres phares par Gims"},"content":{"rendered":"<p>Gims et la soci\u00e9t\u00e9 de consommation<\/p>\n<p class=\"ap-StoryElement ap-StoryElement--mb ap-StoryText\">\u00ab\u00a0\u00c7a n&rsquo;a pas \u00e9t\u00e9 si simple que \u00e7a\u00a0\u00bb, narre le fils a\u00een\u00e9 du chanteur, Pierre Souchon. \u00ab\u00a0Au d\u00e9part, on avait<b> plut\u00f4t tendance \u00e0 dire non<\/b> avec cette chanson [\u2026]\u00a0\u00bb, rel\u00e8ve-t-il en insistant sur le fait que la peur de voir le message principal du titre \u00eatre <b>d\u00e9form\u00e9<\/b> \u00e9tait bien pr\u00e9sente.<\/p>\n<p><a href=\"https:\/\/www.parismatch.be\/culture\/musique\/2025\/11\/05\/gims-premiere-tete-daffiche-de-ledition-2026-des-francofolies-de-spa-FIS7Z2KFUJA4VBW6UH4P3AQBMM\/\" target=\"_self\" class=\"ap-StoryInterstitialLink ap-StoryElement ap-StoryElement--mb\" rel=\"nofollow noopener\">Gims, premi\u00e8re t\u00eate d&rsquo;affiche de l&rsquo;\u00e9dition 2026 des Francofolies de Spa<\/a><\/p>\n<p class=\"ap-StoryElement ap-StoryElement--mb ap-StoryText\">Pour rappel, \u00ab\u00a0Foule sentimentale\u00a0\u00bb \u00e9voque \u00ab\u00a0la soci\u00e9t\u00e9 de consommation, l&rsquo;attrait pour les marques et l&rsquo;apparence\u00a0\u00bb. Gims a donc d\u00fb faire ses preuves pour se montrer digne de la reprise. L&rsquo;ancien membre de la Sexion d&rsquo;Assaut a tout d&rsquo;abord expliqu\u00e9 \u00eatre <b>fan de la chanson<\/b> depuis que son p\u00e8re lui a fait \u00e9couter. Mais il a \u00e9t\u00e9 plus loin en contactant directement la <b>femme d&rsquo;Alain Souchon<\/b> pour lui faire part de son projet.<\/p>\n<p class=\"ap-StoryElement ap-StoryElement--mb ap-StoryText\">\u00ab\u00a0Un jour on me dit : &lsquo;votre m\u00e8re est<b> avec Gims au t\u00e9l\u00e9phone<\/b>, elle vous rappelle tout \u00e0 l&rsquo;heure&rsquo;. On \u00e9tait sci\u00e9\u00a0\u00bb, se souvient Pierre Souchon. Alain Souchon, sur le ton de la rigolade, r\u00e9agit alors \u00e0 son tour : \u00ab\u00a0Il est gonfl\u00e9 ce Gims parce que c&rsquo;est quand m\u00eame ma femme\u00a0\u00bb.<\/p>\n<p>Le propos originel conserv\u00e9<\/p>\n<p class=\"ap-StoryElement ap-StoryElement--mb ap-StoryText\">Finalement, le feu vert a \u00e9t\u00e9 donn\u00e9 \u00e0 l&rsquo;interpr\u00e8te de \u00ab\u00a0Parisienne\u00a0\u00bb. Mais \u00e0 certaines conditions. \u00ab\u00a0L&rsquo;id\u00e9e c&rsquo;\u00e9tait d&rsquo;en faire <b>un sample \u00e9ditorial<\/b>, donc de ne pas reprendre le texte et le fond. Du coup, \u00e7a n&rsquo;ab\u00eemait pas le propos originel\u00a0\u00bb, pr\u00e9cise Pierre Souchon.<\/p>\n<p><a href=\"https:\/\/www.parismatch.be\/actualites\/people\/2025\/08\/07\/gims-regle-publiquement-ses-comptes-avec-la-fouine-et-lui-reclame-70-000-euros-je-ne-voulais-pas-en-arriver-la-2N2AKJJBYBCKDGUH3ZBCRU44XU\/\" target=\"_self\" class=\"ap-StoryInterstitialLink ap-StoryElement ap-StoryElement--mb\" rel=\"nofollow noopener\">Gims r\u00e8gle publiquement ses comptes avec La Fouine et lui r\u00e9clame 70 000 euros : \u00ab\u00a0Je ne voulais pas en arriver l\u00e0\u00a0\u00bb<\/a><\/p>\n<p class=\"ap-StoryElement ap-StoryElement--mb ap-StoryText\">\u00ab\u00a0C&rsquo;est s\u00fbr que \u00e7a n&rsquo;aurait pas pu \u00eatre interpr\u00e9t\u00e9 par Gims qui repr\u00e9sente l&rsquo;inverse de ce que dit la chanson. Mais, il se l&rsquo;est appropri\u00e9e, il ne reprend que la m\u00e9lodie et le mot &lsquo;sentimental&rsquo;mais <b>il change le fond de la chanson<\/b>\u00ab\u00a0, conclut-il. Alain Souchon aura le mot de la fin : \u00ab\u00a0Je me dis que c&rsquo;est parce qu&rsquo;il la trouve bien et qu&rsquo;il l&rsquo;aime donc<b> \u00e7a me flatte<\/b>, \u00e7a me fait plaisir\u00a0\u00bb.<\/p>\n","protected":false},"excerpt":{"rendered":"Gims et la soci\u00e9t\u00e9 de consommation \u00ab\u00a0\u00c7a n&rsquo;a pas \u00e9t\u00e9 si simple que \u00e7a\u00a0\u00bb, narre le fils a\u00een\u00e9&hellip;\n","protected":false},"author":2,"featured_media":534079,"comment_status":"","ping_status":"","sticky":false,"template":"","format":"standard","meta":{"footnotes":""},"categories":[1355],"tags":[36362,972,58,59,1011,27,13444,1361,873],"class_list":{"0":"post-534078","1":"post","2":"type-post","3":"status-publish","4":"format-standard","5":"has-post-thumbnail","7":"category-musique","8":"tag-alain-souchon","9":"tag-celebrite","10":"tag-divertissement","11":"tag-entertainment","12":"tag-fr","13":"tag-france","14":"tag-gims","15":"tag-music","16":"tag-musique"},"share_on_mastodon":{"url":"https:\/\/pubeurope.com\/@fr\/115549124967992531","error":""},"_links":{"self":[{"href":"https:\/\/www.europesays.com\/fr\/wp-json\/wp\/v2\/posts\/534078","targetHints":{"allow":["GET"]}}],"collection":[{"href":"https:\/\/www.europesays.com\/fr\/wp-json\/wp\/v2\/posts"}],"about":[{"href":"https:\/\/www.europesays.com\/fr\/wp-json\/wp\/v2\/types\/post"}],"author":[{"embeddable":true,"href":"https:\/\/www.europesays.com\/fr\/wp-json\/wp\/v2\/users\/2"}],"replies":[{"embeddable":true,"href":"https:\/\/www.europesays.com\/fr\/wp-json\/wp\/v2\/comments?post=534078"}],"version-history":[{"count":0,"href":"https:\/\/www.europesays.com\/fr\/wp-json\/wp\/v2\/posts\/534078\/revisions"}],"wp:featuredmedia":[{"embeddable":true,"href":"https:\/\/www.europesays.com\/fr\/wp-json\/wp\/v2\/media\/534079"}],"wp:attachment":[{"href":"https:\/\/www.europesays.com\/fr\/wp-json\/wp\/v2\/media?parent=534078"}],"wp:term":[{"taxonomy":"category","embeddable":true,"href":"https:\/\/www.europesays.com\/fr\/wp-json\/wp\/v2\/categories?post=534078"},{"taxonomy":"post_tag","embeddable":true,"href":"https:\/\/www.europesays.com\/fr\/wp-json\/wp\/v2\/tags?post=534078"}],"curies":[{"name":"wp","href":"https:\/\/api.w.org\/{rel}","templated":true}]}}